






{"id":61417,"date":"2025-07-25T11:17:40","date_gmt":"2025-07-25T02:17:40","guid":{"rendered":"https:\/\/guide.fire-emblem-heroes.com\/?p=61417"},"modified":"2025-08-15T16:16:01","modified_gmt":"2025-08-15T07:16:01","slug":"00009002001270-2","status":"publish","type":"post","link":"https:\/\/guide.fire-emblem-heroes.com\/pt-BR\/00009002001270-2\/","title":{"rendered":"<span class=\"character_nick\">Deusa do sol<\/span><span class=\"character_name\">Baldr<\/span>"},"content":{"rendered":"<main id=\"CHARA_1270\" class=\"main_page character\">\r\n            <article>\r\n                <section class=\"sec sec_character\">\r\n                    <ul class=\"sec_ul sec_ul--character slick-box\">\r\n                        <li class=\"sec_li sec_li--character\">\r\n                            <img decoding=\"async\" src=\"https:\/\/guide.fire-emblem-heroes.com\/wp-content\/uploads\/baldr_celestial_sun_god_slide01.png\" alt=\"\" \/>\r\n                        <\/li>\r\n                        <li class=\"sec_li sec_li--character\">\r\n                            <img decoding=\"async\" src=\"https:\/\/guide.fire-emblem-heroes.com\/wp-content\/uploads\/baldr_celestial_sun_god_slide02.png\" alt=\"\" \/>\r\n                        <\/li>\r\n                        <li class=\"sec_li sec_li--character\">\r\n                            <img decoding=\"async\" src=\"https:\/\/guide.fire-emblem-heroes.com\/wp-content\/uploads\/baldr_celestial_sun_god_slide03.png\" alt=\"\" \/>\r\n                        <\/li>\r\n                        <li class=\"sec_li sec_li--character\">\r\n                            <img decoding=\"async\" src=\"https:\/\/guide.fire-emblem-heroes.com\/wp-content\/uploads\/baldr_celestial_sun_god_slide04.png\" alt=\"\" \/>\r\n                        <\/li>\r\n                    <\/ul>\r\n                    <div class=\"sec_charainfoarea flex\">\r\n                        <div class=\"sec_gif\"><img loading=\"lazy\" decoding=\"async\" src=\"https:\/\/guide.fire-emblem-heroes.com\/wp-content\/uploads\/baldr_celestial_sun_god.png\" alt=\"\" width=\"210\" height=\"190\"\/><\/div>\r\n                        <div class=\"sec_charainfo\">\r\n                            <p id=\"CHARA_1270_002\" class=\"sec_characate sec_characate--mythic_heroes\">Hero\u00edna m\u00edtica<\/p>\r\n                            <p id=\"CHARA_1270_003\" class=\"sec_charanick\">Deusa do sol<\/p>\r\n                            <p id=\"CHARA_1270_004\" class=\"sec_charaname\">Baldr<\/p>\r\n                            <p id=\"CHARA_1270_005\" class=\"sec_charaappearancetxt\">Aparece em<\/p>\r\n                            <p id=\"CHARA_1270_006\" class=\"sec_charaappearancetxt\">Fire Emblem Heroes<\/p>\r\n                        <\/div>\r\n                    <\/div>\r\n                <\/section>\r\n            <\/article>\r\n            <article>\r\n                <section class=\"sec sec_characterarea\">\r\n                    <div class=\"sec_h2chara\">\r\n                        <p id=\"CHARA_1270_007\" class=\"sec_h2charattl\">Sharena apresenta:<\/p>\r\n                        <h2 id=\"CHARA_1270_008\" class=\"sec_h2charatxt\">Deusa do sol Baldr<\/h2>\r\n                    <\/div>\r\n                    <dl class=\"sec_dl flex\">\r\n                        <dt id=\"CHARA_1270_009\" class=\"sec_dt\">Baldr \u00e9 a deusa do sol de \u00c1sgar\u00f0r, o reino celestial. Presun\u00e7osa, seu papel \u00e9 acompanhar os acusados ao local do julgamento.<\/dt>\r\n                        <dd class=\"sec_dd\">\r\n                            <a href=\"https:\/\/guide.fire-emblem-heroes.com\/wp-content\/uploads\/baldr_celestial_sun_god_pop01.png\" class=\"popup-image\">\r\n                                <img decoding=\"async\" src=\"https:\/\/guide.fire-emblem-heroes.com\/wp-content\/uploads\/baldr_celestial_sun_god_info01.png\" alt=\"\" \/>\r\n                            <\/a>\r\n                        <\/dd>\r\n                        <dt id=\"CHARA_1270_010\" class=\"sec_dt\">Alfa\u00f0\u00f6r, o rei celestial, confia mais em Baldr do que qualquer deus de \u00c1sgar\u00f0r. Aparentemente, ela recebeu a prote\u00e7\u00e3o dos nove reinos, impedindo que qualquer um lhe fa\u00e7a mal!<\/dt>\r\n                        <dd class=\"sec_dd\">\r\n                            <a href=\"https:\/\/guide.fire-emblem-heroes.com\/wp-content\/uploads\/baldr_celestial_sun_god_pop02.png\" class=\"popup-image\">\r\n                                <img decoding=\"async\" src=\"https:\/\/guide.fire-emblem-heroes.com\/wp-content\/uploads\/baldr_celestial_sun_god_info02.png\" alt=\"\" \/>\r\n                            <\/a>\r\n                        <\/dd>\r\n                        <dt id=\"CHARA_1270_011\" class=\"sec_dt\">Sob as ordens de Alfa\u00f0\u00f6r, tanto a fam\u00edlia real de Midgard quanto quem nos invoca foram acusados, e Baldr foi enviada para nos levar ao julgamento&#8230;<\/dt>\r\n                        <dd class=\"sec_dd\">\r\n                            <a href=\"https:\/\/guide.fire-emblem-heroes.com\/wp-content\/uploads\/baldr_celestial_sun_god_pop03.png\" class=\"popup-image\">\r\n                                <img decoding=\"async\" src=\"https:\/\/guide.fire-emblem-heroes.com\/wp-content\/uploads\/baldr_celestial_sun_god_info03.png\" alt=\"\" \/>\r\n                            <\/a>\r\n                        <\/dd>\r\n                        <dt id=\"CHARA_1270_012\" class=\"sec_dt\">Baldr, por favor, n\u00e3o fizemos nada de errado! Faremos tudo o que pudermos para provar nossa inoc\u00eancia e esclarecer esse mal-entendido para que ningu\u00e9m precise ser julgado!<\/dt>\r\n                        <dd class=\"sec_dd\">\r\n                            <a href=\"https:\/\/guide.fire-emblem-heroes.com\/wp-content\/uploads\/baldr_celestial_sun_god_pop04.png\" class=\"popup-image\">\r\n                                <img decoding=\"async\" src=\"https:\/\/guide.fire-emblem-heroes.com\/wp-content\/uploads\/baldr_celestial_sun_god_info04.png\" alt=\"\" \/>\r\n                            <\/a>\r\n                        <\/dd>\r\n                    <\/dl>\r\n                    <h3 id=\"CHARA_1270_013\" class=\"sec_h3charatxt\">Personagens relacionados<\/h3>\r\n                    <h4 id=\"CHARA_1270_014\" class=\"sec_h4charatxt\">Alfa\u00f0\u00f6r, rei celestial<\/h4>\r\n                    <p id=\"CHARA_1270_015\" class=\"sec_charatxt\">Rei do reino celestial de \u00c1sgar\u00f0r. Ele quer capturar Rune por este ser capaz de decifrar escritos que retratam o in\u00edcio da cria\u00e7\u00e3o. Deste modo, Alfa\u00f0\u00f6r apropriaria-se do conhecimento de Rune. Pai de Baldr.<\/p>\r\n                    <h4 id=\"CHARA_1270_016\" class=\"sec_h4charatxt\">H\u00f6\u00f0r<\/h4>\r\n                    <p id=\"CHARA_1270_017\" class=\"sec_charatxt\">Reservada deusa de \u00c1sgar\u00f0r, o reino celestial. Respons\u00e1vel por defender os acusados de um crime no lugar de julgamento. Irm\u00e3 mais nova de Baldr.<\/p>\r\n                    <h4 id=\"CHARA_1270_018\" class=\"sec_h4charatxt\">V\u00e1li<\/h4>\r\n                    <p id=\"CHARA_1270_019\" class=\"sec_charatxt\">Vingativa deusa de \u00c1sgar\u00f0r, o reino celestial. Adora a irm\u00e3, Baldr, e jurou vingar-se de todos que a feriram.<\/p>\r\n                <\/section>\r\n            <\/article>\r\n        <\/main>","protected":false},"excerpt":{"rendered":"Hero\u00edna m\u00edtica Deusa do sol Baldr Aparece em Fire Emblem Heroes Sharena apresenta: Deusa do sol Baldr Baldr \u00e9 a deusa do sol de \u00c1sgar\u00f0r, o reino celestial. Presun\u00e7osa, seu papel \u00e9 acompanhar os acusados ao local do julgamento. Alfa\u00f0\u00f6r, o rei celestial, confia mais em Baldr do que qualquer deus de \u00c1sgar\u00f0r. Aparentemente, ela [&hellip;]","protected":false},"author":1,"featured_media":61455,"comment_status":"closed","ping_status":"closed","sticky":false,"template":"","format":"standard","meta":{"advanced_seo_description":"","jetpack_seo_html_title":"","jetpack_seo_noindex":false,"_jetpack_newsletter_access":"","_jetpack_dont_email_post_to_subs":false,"_jetpack_newsletter_tier_id":0,"_jetpack_memberships_contains_paywalled_content":false,"_locale":"pt_BR","_original_post":"https:\/\/guide.fire-emblem-heroes.com\/?p=61407","_jetpack_memberships_contains_paid_content":false,"footnotes":"","jetpack_publicize_message":"","jetpack_publicize_feature_enabled":true,"jetpack_social_post_already_shared":false,"jetpack_social_options":{"image_generator_settings":{"template":"highway","default_image_id":0,"font":"","enabled":false},"version":2},"_wpas_customize_per_network":false,"jetpack_post_was_ever_published":false},"categories":[1384,1423,1385,1390],"tags":[1455],"class_list":["post-61417","post","type-post","status-publish","format-standard","has-post-thumbnail","hentry","category-character","category-ex_works_heroes","category-mythic_heroes","category-stay_heroes","tag-heroina-mitica","pt-BR"],"jetpack_publicize_connections":[],"jetpack_featured_media_url":"https:\/\/guide.fire-emblem-heroes.com\/wp-content\/uploads\/baldr_celestial_sun_god.png","jetpack_sharing_enabled":false,"jetpack_shortlink":"https:\/\/wp.me\/pa0Mj3-fYB","jetpack_likes_enabled":false,"amp_enabled":false,"_links":{"self":[{"href":"https:\/\/guide.fire-emblem-heroes.com\/wp-json\/wp\/v2\/posts\/61417","targetHints":{"allow":["GET"]}}],"collection":[{"href":"https:\/\/guide.fire-emblem-heroes.com\/wp-json\/wp\/v2\/posts"}],"about":[{"href":"https:\/\/guide.fire-emblem-heroes.com\/wp-json\/wp\/v2\/types\/post"}],"author":[{"embeddable":true,"href":"https:\/\/guide.fire-emblem-heroes.com\/wp-json\/wp\/v2\/users\/1"}],"replies":[{"embeddable":true,"href":"https:\/\/guide.fire-emblem-heroes.com\/wp-json\/wp\/v2\/comments?post=61417"}],"version-history":[{"count":1,"href":"https:\/\/guide.fire-emblem-heroes.com\/wp-json\/wp\/v2\/posts\/61417\/revisions"}],"predecessor-version":[{"id":61427,"href":"https:\/\/guide.fire-emblem-heroes.com\/wp-json\/wp\/v2\/posts\/61417\/revisions\/61427"}],"wp:featuredmedia":[{"embeddable":true,"href":"https:\/\/guide.fire-emblem-heroes.com\/wp-json\/wp\/v2\/media\/61455"}],"wp:attachment":[{"href":"https:\/\/guide.fire-emblem-heroes.com\/wp-json\/wp\/v2\/media?parent=61417"}],"wp:term":[{"taxonomy":"category","embeddable":true,"href":"https:\/\/guide.fire-emblem-heroes.com\/wp-json\/wp\/v2\/categories?post=61417"},{"taxonomy":"post_tag","embeddable":true,"href":"https:\/\/guide.fire-emblem-heroes.com\/wp-json\/wp\/v2\/tags?post=61417"}],"curies":[{"name":"wp","href":"https:\/\/api.w.org\/{rel}","templated":true}]}}