






{"id":62022,"date":"2025-09-03T12:28:07","date_gmt":"2025-09-03T03:28:07","guid":{"rendered":"https:\/\/guide.fire-emblem-heroes.com\/?p=62022"},"modified":"2025-10-08T11:59:20","modified_gmt":"2025-10-08T02:59:20","slug":"05008006001283-2","status":"publish","type":"post","link":"https:\/\/guide.fire-emblem-heroes.com\/pt-BR\/05008006001283-2\/","title":{"rendered":"<span class=\"character_nick\">Dupla guerreira<\/span><span class=\"character_name\">Fir<\/span>"},"content":{"rendered":"<main id=\"CHARA_1283\" class=\"main_page character\">\r\n            <article>\r\n                <section class=\"sec sec_character\">\r\n                    <ul class=\"sec_ul sec_ul--character slick-box\">\r\n                        <li class=\"sec_li sec_li--character\">\r\n                            <img decoding=\"async\" src=\"https:\/\/guide.fire-emblem-heroes.com\/wp-content\/uploads\/fir_dual_warriors_slide01.png\" alt=\"\" \/>\r\n                        <\/li>\r\n                        <li class=\"sec_li sec_li--character\">\r\n                            <img decoding=\"async\" src=\"https:\/\/guide.fire-emblem-heroes.com\/wp-content\/uploads\/fir_dual_warriors_slide02.png\" alt=\"\" \/>\r\n                        <\/li>\r\n                        <li class=\"sec_li sec_li--character\">\r\n                            <img decoding=\"async\" src=\"https:\/\/guide.fire-emblem-heroes.com\/wp-content\/uploads\/fir_dual_warriors_slide03.png\" alt=\"\" \/>\r\n                        <\/li>\r\n                        <li class=\"sec_li sec_li--character\">\r\n                            <img decoding=\"async\" src=\"https:\/\/guide.fire-emblem-heroes.com\/wp-content\/uploads\/fir_dual_warriors_slide04.png\" alt=\"\" \/>\r\n                        <\/li>\r\n                    <\/ul>\r\n                    <div class=\"sec_charainfoarea flex\">\r\n                        <div class=\"sec_gif\"><img loading=\"lazy\" decoding=\"async\" src=\"https:\/\/guide.fire-emblem-heroes.com\/wp-content\/uploads\/fir_dual_warriors.png\" alt=\"\" width=\"210\" height=\"190\"\/><\/div>\r\n                        <div class=\"sec_charainfo\">\r\n                            <p id=\"CHARA_1283_002\" class=\"sec_characate sec_characate sec_characate--harmonized_hero\">Harmonia heroica<\/p>\r\n                            <p id=\"CHARA_1283_003\" class=\"sec_charanick\">Dupla guerreira<\/p>\r\n                            <p id=\"CHARA_1283_004\" class=\"sec_charaname\">Fir<\/p>\r\n                            <p id=\"CHARA_1283_005\" class=\"sec_charaappearancetxt\">Aparece em<\/p>\r\n                            <p id=\"CHARA_1283_006\" class=\"sec_charaappearancetxt\">Fire Emblem: The Binding Blade<br \/>Fire Emblem: The Blazing Blade<\/p>\r\n                        <\/div>\r\n                    <\/div>\r\n                <\/section>\r\n            <\/article>\r\n            <article>\r\n                <section class=\"sec sec_characterarea\">\r\n                    <div class=\"sec_h2chara\">\r\n                        <p id=\"CHARA_1283_007\" class=\"sec_h2charattl\">Sharena apresenta:<\/p>\r\n                        <h2 id=\"CHARA_1283_008\" class=\"sec_h2charatxt\">Dupla guerreira Fir<\/h2>\r\n                    <\/div>\r\n                    <dl class=\"sec_dl flex\">\r\n                        <dt id=\"CHARA_1283_009\" class=\"sec_dt\">Fir vagueia pelo continente de Elibe aprimorando constantemente suas habilidades de espadachim. Aqui, ela se encontra na na\u00e7\u00e3o militar de Regna Ferox para participar do torneio. Ela uniu for\u00e7as com sua m\u00e3e, Karla, invocada de sua juventude!<\/dt>\r\n                        <dd class=\"sec_dd\">\r\n                            <a href=\"https:\/\/guide.fire-emblem-heroes.com\/wp-content\/uploads\/fir_dual_warriors_pop01.png\" class=\"popup-image\">\r\n                                <img decoding=\"async\" src=\"https:\/\/guide.fire-emblem-heroes.com\/wp-content\/uploads\/fir_dual_warriors_info01.png\" alt=\"\" \/>\r\n                            <\/a>\r\n                        <\/dd>\r\n                        <dt id=\"CHARA_1283_010\" class=\"sec_dt\">A pelugem nos ombros de Fir impacta logo no primeiro olhar. Seu traje pode at\u00e9 parecer abrir m\u00e3o da defesa para agilizar os movimentos, mas a armadura dourada protege seus bra\u00e7os e pernas.<\/dt>\r\n                        <dd class=\"sec_dd\">\r\n                            <a href=\"https:\/\/guide.fire-emblem-heroes.com\/wp-content\/uploads\/fir_dual_warriors_pop02.png\" class=\"popup-image\">\r\n                                <img decoding=\"async\" src=\"https:\/\/guide.fire-emblem-heroes.com\/wp-content\/uploads\/fir_dual_warriors_info02.png\" alt=\"\" \/>\r\n                            <\/a>\r\n                        <\/dd>\r\n                        <dt id=\"CHARA_1283_011\" class=\"sec_dt\">Tal qual Fir, Karla veste uma armadura dourada, por\u00e9m, sua vestimenta tem um design assim\u00e9trico \u00fanico!<\/dt>\r\n                        <dd class=\"sec_dd\">\r\n                            <a href=\"https:\/\/guide.fire-emblem-heroes.com\/wp-content\/uploads\/fir_dual_warriors_pop03.png\" class=\"popup-image\">\r\n                                <img decoding=\"async\" src=\"https:\/\/guide.fire-emblem-heroes.com\/wp-content\/uploads\/fir_dual_warriors_info03.png\" alt=\"\" \/>\r\n                            <\/a>\r\n                        <\/dd>\r\n                        <dt id=\"CHARA_1283_012\" class=\"sec_dt\">Fir e Karla entram na arena \u00e0 medida que aprimoram suas habilidades. Mal posso esperar para ver essa dupla de m\u00e3e e filha mostrar do que s\u00e3o capaz!<\/dt>\r\n                        <dd class=\"sec_dd\">\r\n                            <a href=\"https:\/\/guide.fire-emblem-heroes.com\/wp-content\/uploads\/fir_dual_warriors_pop04.png\" class=\"popup-image\">\r\n                                <img decoding=\"async\" src=\"https:\/\/guide.fire-emblem-heroes.com\/wp-content\/uploads\/fir_dual_warriors_info04.png\" alt=\"\" \/>\r\n                            <\/a>\r\n                        <\/dd>\r\n                    <\/dl>\r\n                    <h3 id=\"CHARA_1283_013\" class=\"sec_h3charatxt\">Personagens relacionados<\/h3>\r\n                    <h4 id=\"CHARA_1283_014\" class=\"sec_h4charatxt\">Bartre<\/h4>\r\n                    <p id=\"CHARA_1283_015\" class=\"sec_charatxt\">Guerreiro que embarcou em uma jornada para encontrar a amada filha, Fir. Marido de Karla.<\/p>\r\n                    <h4 id=\"CHARA_1283_016\" class=\"sec_h4charatxt\">Karel<\/h4>\r\n                    <p id=\"CHARA_1283_017\" class=\"sec_charatxt\">Espadachim letal conhecido como Dem\u00f4nio de a\u00e7o, se dedica de corpo e alma \u00e0s artes da l\u00e2mina. Irm\u00e3o de Karla e tio de Fir.<\/p>\r\n                <\/section>\r\n            <\/article>\r\n        <\/main>","protected":false},"excerpt":{"rendered":"Harmonia heroica Dupla guerreira Fir Aparece em Fire Emblem: The Binding BladeFire Emblem: The Blazing Blade Sharena apresenta: Dupla guerreira Fir Fir vagueia pelo continente de Elibe aprimorando constantemente suas habilidades de espadachim. Aqui, ela se encontra na na\u00e7\u00e3o militar de Regna Ferox para participar do torneio. Ela uniu for\u00e7as com sua m\u00e3e, Karla, invocada [&hellip;]","protected":false},"author":1,"featured_media":62165,"comment_status":"closed","ping_status":"closed","sticky":false,"template":"","format":"standard","meta":{"advanced_seo_description":"","jetpack_seo_html_title":"","jetpack_seo_noindex":false,"_jetpack_newsletter_access":"","_jetpack_dont_email_post_to_subs":false,"_jetpack_newsletter_tier_id":0,"_jetpack_memberships_contains_paywalled_content":false,"_locale":"pt_BR","_original_post":"https:\/\/guide.fire-emblem-heroes.com\/?p=62012","_jetpack_memberships_contains_paid_content":false,"footnotes":"","jetpack_publicize_message":"","jetpack_publicize_feature_enabled":true,"jetpack_social_post_already_shared":false,"jetpack_social_options":{"image_generator_settings":{"template":"highway","default_image_id":0,"font":"","enabled":false},"version":2},"_wpas_customize_per_network":false,"jetpack_post_was_ever_published":false},"categories":[1384,1464,1426,1390],"tags":[1471],"class_list":["post-62022","post","type-post","status-publish","format-standard","has-post-thumbnail","hentry","category-character","category-harmonized_heroes","category-ex_works_the_binding_blade","category-stay_heroes","tag-harmonia-heroica","pt-BR"],"jetpack_publicize_connections":[],"jetpack_featured_media_url":"https:\/\/guide.fire-emblem-heroes.com\/wp-content\/uploads\/fir_dual_warriors.png","jetpack_sharing_enabled":false,"jetpack_shortlink":"https:\/\/wp.me\/pa0Mj3-g8m","jetpack_likes_enabled":false,"amp_enabled":false,"_links":{"self":[{"href":"https:\/\/guide.fire-emblem-heroes.com\/wp-json\/wp\/v2\/posts\/62022","targetHints":{"allow":["GET"]}}],"collection":[{"href":"https:\/\/guide.fire-emblem-heroes.com\/wp-json\/wp\/v2\/posts"}],"about":[{"href":"https:\/\/guide.fire-emblem-heroes.com\/wp-json\/wp\/v2\/types\/post"}],"author":[{"embeddable":true,"href":"https:\/\/guide.fire-emblem-heroes.com\/wp-json\/wp\/v2\/users\/1"}],"replies":[{"embeddable":true,"href":"https:\/\/guide.fire-emblem-heroes.com\/wp-json\/wp\/v2\/comments?post=62022"}],"version-history":[{"count":2,"href":"https:\/\/guide.fire-emblem-heroes.com\/wp-json\/wp\/v2\/posts\/62022\/revisions"}],"predecessor-version":[{"id":62027,"href":"https:\/\/guide.fire-emblem-heroes.com\/wp-json\/wp\/v2\/posts\/62022\/revisions\/62027"}],"wp:featuredmedia":[{"embeddable":true,"href":"https:\/\/guide.fire-emblem-heroes.com\/wp-json\/wp\/v2\/media\/62165"}],"wp:attachment":[{"href":"https:\/\/guide.fire-emblem-heroes.com\/wp-json\/wp\/v2\/media?parent=62022"}],"wp:term":[{"taxonomy":"category","embeddable":true,"href":"https:\/\/guide.fire-emblem-heroes.com\/wp-json\/wp\/v2\/categories?post=62022"},{"taxonomy":"post_tag","embeddable":true,"href":"https:\/\/guide.fire-emblem-heroes.com\/wp-json\/wp\/v2\/tags?post=62022"}],"curies":[{"name":"wp","href":"https:\/\/api.w.org\/{rel}","templated":true}]}}