






{"id":62510,"date":"2025-09-26T12:02:43","date_gmt":"2025-09-26T03:02:43","guid":{"rendered":"https:\/\/guide.fire-emblem-heroes.com\/?p=62510"},"modified":"2025-11-25T13:52:36","modified_gmt":"2025-11-25T04:52:36","slug":"11001002001294-2","status":"publish","type":"post","link":"https:\/\/guide.fire-emblem-heroes.com\/pt-BR\/11001002001294-2\/","title":{"rendered":"<span class=\"character_nick\">Do destino<\/span><span class=\"character_name\">Corrin<\/span>"},"content":{"rendered":"<main id=\"CHARA_1294\" class=\"main_page character\">\r\n            <article>\r\n                <section class=\"sec sec_character\">\r\n                    <ul class=\"sec_ul sec_ul--character slick-box\">\r\n                        <li class=\"sec_li sec_li--character\">\r\n                            <img decoding=\"async\" src=\"https:\/\/guide.fire-emblem-heroes.com\/wp-content\/uploads\/kamui_of_fates_slide01.png\" alt=\"\" \/>\r\n                        <\/li>\r\n                        <li class=\"sec_li sec_li--character\">\r\n                            <img decoding=\"async\" src=\"https:\/\/guide.fire-emblem-heroes.com\/wp-content\/uploads\/kamui_of_fates_slide02.png\" alt=\"\" \/>\r\n                        <\/li>\r\n                        <li class=\"sec_li sec_li--character\">\r\n                            <img decoding=\"async\" src=\"https:\/\/guide.fire-emblem-heroes.com\/wp-content\/uploads\/kamui_of_fates_slide03.png\" alt=\"\" \/>\r\n                        <\/li>\r\n                        <li class=\"sec_li sec_li--character\">\r\n                            <img decoding=\"async\" src=\"https:\/\/guide.fire-emblem-heroes.com\/wp-content\/uploads\/kamui_of_fates_slide04.png\" alt=\"\" \/>\r\n                        <\/li>\r\n                    <\/ul>\r\n                    <div class=\"sec_charainfoarea flex\">\r\n                        <div class=\"sec_gif\"><img loading=\"lazy\" decoding=\"async\" src=\"https:\/\/guide.fire-emblem-heroes.com\/wp-content\/uploads\/kamui_of_fates.png\" alt=\"\" width=\"210\" height=\"190\"\/><\/div>\r\n                        <div class=\"sec_charainfo\">\r\n                            <p id=\"CHARA_1294_002\" class=\"sec_characate sec_characate--emblem_heroes\">Hero\u00edna de emblema<\/p>\r\n                            <p id=\"CHARA_1294_003\" class=\"sec_charanick\">Do destino<\/p>\r\n                            <p id=\"CHARA_1294_004\" class=\"sec_charaname\">Corrin<\/p>\r\n                            <p id=\"CHARA_1294_005\" class=\"sec_charaappearancetxt\">Aparece em<\/p>\r\n                            <p id=\"CHARA_1294_006\" class=\"sec_charaappearancetxt\">Fire Emblem Fates<br \/>Fire Emblem Engage<\/p>\r\n                        <\/div>\r\n                    <\/div>\r\n                <\/section>\r\n            <\/article>\r\n            <article>\r\n                <section class=\"sec sec_characterarea\">\r\n                    <div class=\"sec_h2chara\">\r\n                        <p id=\"CHARA_1294_007\" class=\"sec_h2charattl\">Sharena apresenta:<\/p>\r\n                        <h2 id=\"CHARA_1294_008\" class=\"sec_h2charatxt\">Do destino Corrin<\/h2>\r\n                    <\/div>\r\n                    <dl class=\"sec_dl flex\">\r\n                        <dt id=\"CHARA_1294_009\" class=\"sec_dt\">O anel da cruz do destino foi passado de gera\u00e7\u00e3o a gera\u00e7\u00e3o no continente de Elyos. Dentro dele habita Corrin, o emblema do destino!<\/dt>\r\n                        <dd class=\"sec_dd\">\r\n                            <a href=\"https:\/\/guide.fire-emblem-heroes.com\/wp-content\/uploads\/kamui_of_fates_pop01.png\" class=\"popup-image\">\r\n                                <img decoding=\"async\" src=\"https:\/\/guide.fire-emblem-heroes.com\/wp-content\/uploads\/kamui_of_fates_info01.png\" alt=\"\" \/>\r\n                            <\/a>\r\n                        <\/dd>\r\n                        <dt id=\"CHARA_1294_010\" class=\"sec_dt\">H\u00e1 muito tempo, quando Sombron, o terr\u00edvel drag\u00e3o, amea\u00e7ava o continente de Elyos, Corrin e outros 11 emblemas se juntaram contra ele na batalha de Lumera, o drag\u00e3o divino. Corrin ajudou Lumera com seu incr\u00edvel poder de controlar o solo.<\/dt>\r\n                        <dd class=\"sec_dd\">\r\n                            <a href=\"https:\/\/guide.fire-emblem-heroes.com\/wp-content\/uploads\/kamui_of_fates_pop02.png\" class=\"popup-image\">\r\n                                <img decoding=\"async\" src=\"https:\/\/guide.fire-emblem-heroes.com\/wp-content\/uploads\/kamui_of_fates_info02.png\" alt=\"\" \/>\r\n                            <\/a>\r\n                        <\/dd>\r\n                        <dt id=\"CHARA_1294_011\" class=\"sec_dt\">Mais tarde, o anel da cruz do destino foi secretamente transferido para uma fortaleza no norte de Solm. Quando a amea\u00e7a de Sombron retornou, Corrin despertou de seu sono!<\/dt>\r\n                        <dd class=\"sec_dd\">\r\n                            <a href=\"https:\/\/guide.fire-emblem-heroes.com\/wp-content\/uploads\/kamui_of_fates_pop03.png\" class=\"popup-image\">\r\n                                <img decoding=\"async\" src=\"https:\/\/guide.fire-emblem-heroes.com\/wp-content\/uploads\/kamui_of_fates_info03.png\" alt=\"\" \/>\r\n                            <\/a>\r\n                        <\/dd>\r\n                        <dt id=\"CHARA_1294_012\" class=\"sec_dt\">A Corrin original escolheu seu pr\u00f3prio futuro para trazer paz aos pa\u00edses que chamava de lar. Agora que seu emblema est\u00e1 conosco, espero que ela cuide de n\u00f3s enquanto escolhemos nosso pr\u00f3prio futuro!<\/dt>\r\n                        <dd class=\"sec_dd\">\r\n                            <a href=\"https:\/\/guide.fire-emblem-heroes.com\/wp-content\/uploads\/kamui_of_fates_pop04.png\" class=\"popup-image\">\r\n                                <img decoding=\"async\" src=\"https:\/\/guide.fire-emblem-heroes.com\/wp-content\/uploads\/kamui_of_fates_info04.png\" alt=\"\" \/>\r\n                            <\/a>\r\n                        <\/dd>\r\n                    <\/dl>\r\n                    <h3 id=\"CHARA_1294_013\" class=\"sec_h3charatxt\">Personagens relacionados<\/h3>\r\n                    <h4 id=\"CHARA_1294_014\" class=\"sec_h4charatxt\">Alear<\/h4>\r\n                    <p id=\"CHARA_1294_015\" class=\"sec_charatxt\">Descendente do drag\u00e3o divino que despertou de um longo sono. Invoca Corrin e outros emblemas para trazer paz ao mundo.<\/p>\r\n                    <h4 id=\"CHARA_1294_016\" class=\"sec_h4charatxt\">Lumera<\/h4>\r\n                    <p id=\"CHARA_1294_017\" class=\"sec_charatxt\">Drag\u00e3o divino monarca, soberana do reino sagrado de Lythos. Ela \u00e9 m\u00e3e de Alear e a hero\u00edna que certa vez salvou todo o continente de Elyos com a ajuda de Corrin e dos outros emblemas.<\/p>\r\n                    <h4 id=\"CHARA_1294_018\" class=\"sec_h4charatxt\">Seadall<\/h4>\r\n                    <p id=\"CHARA_1294_019\" class=\"sec_charatxt\">Dan\u00e7arino de Solm e vidente talentoso. Resgatado por Corrin.<\/p>\r\n                <\/section>\r\n            <\/article>\r\n        <\/main>","protected":false},"excerpt":{"rendered":"Hero\u00edna de emblema Do destino Corrin Aparece em Fire Emblem FatesFire Emblem Engage Sharena apresenta: Do destino Corrin O anel da cruz do destino foi passado de gera\u00e7\u00e3o a gera\u00e7\u00e3o no continente de Elyos. Dentro dele habita Corrin, o emblema do destino! H\u00e1 muito tempo, quando Sombron, o terr\u00edvel drag\u00e3o, amea\u00e7ava o continente de Elyos, [&hellip;]","protected":false},"author":1,"featured_media":62583,"comment_status":"closed","ping_status":"closed","sticky":false,"template":"","format":"standard","meta":{"advanced_seo_description":"","jetpack_seo_html_title":"","jetpack_seo_noindex":false,"_jetpack_newsletter_access":"","_jetpack_dont_email_post_to_subs":false,"_jetpack_newsletter_tier_id":0,"_jetpack_memberships_contains_paywalled_content":false,"_locale":"pt_BR","_original_post":"https:\/\/guide.fire-emblem-heroes.com\/?p=62499","_jetpack_memberships_contains_paid_content":false,"footnotes":"","jetpack_publicize_message":"","jetpack_publicize_feature_enabled":true,"jetpack_social_post_already_shared":false,"jetpack_social_options":{"image_generator_settings":{"template":"highway","default_image_id":0,"font":"","enabled":false},"version":2},"_wpas_customize_per_network":false,"jetpack_post_was_ever_published":false},"categories":[1512,1384,1527,1432,1390],"tags":[1545],"class_list":["post-62510","post","type-post","status-publish","format-standard","has-post-thumbnail","hentry","category-ex_works_engage","category-character","category-emblem_heroes","category-ex_works_fates","category-stay_heroes","tag-heroina-de-emblema","pt-BR"],"jetpack_publicize_connections":[],"jetpack_featured_media_url":"https:\/\/guide.fire-emblem-heroes.com\/wp-content\/uploads\/kamui_of_fates.png","jetpack_sharing_enabled":false,"jetpack_shortlink":"https:\/\/wp.me\/pa0Mj3-gge","jetpack_likes_enabled":false,"amp_enabled":false,"_links":{"self":[{"href":"https:\/\/guide.fire-emblem-heroes.com\/wp-json\/wp\/v2\/posts\/62510","targetHints":{"allow":["GET"]}}],"collection":[{"href":"https:\/\/guide.fire-emblem-heroes.com\/wp-json\/wp\/v2\/posts"}],"about":[{"href":"https:\/\/guide.fire-emblem-heroes.com\/wp-json\/wp\/v2\/types\/post"}],"author":[{"embeddable":true,"href":"https:\/\/guide.fire-emblem-heroes.com\/wp-json\/wp\/v2\/users\/1"}],"replies":[{"embeddable":true,"href":"https:\/\/guide.fire-emblem-heroes.com\/wp-json\/wp\/v2\/comments?post=62510"}],"version-history":[{"count":1,"href":"https:\/\/guide.fire-emblem-heroes.com\/wp-json\/wp\/v2\/posts\/62510\/revisions"}],"predecessor-version":[{"id":62517,"href":"https:\/\/guide.fire-emblem-heroes.com\/wp-json\/wp\/v2\/posts\/62510\/revisions\/62517"}],"wp:featuredmedia":[{"embeddable":true,"href":"https:\/\/guide.fire-emblem-heroes.com\/wp-json\/wp\/v2\/media\/62583"}],"wp:attachment":[{"href":"https:\/\/guide.fire-emblem-heroes.com\/wp-json\/wp\/v2\/media?parent=62510"}],"wp:term":[{"taxonomy":"category","embeddable":true,"href":"https:\/\/guide.fire-emblem-heroes.com\/wp-json\/wp\/v2\/categories?post=62510"},{"taxonomy":"post_tag","embeddable":true,"href":"https:\/\/guide.fire-emblem-heroes.com\/wp-json\/wp\/v2\/tags?post=62510"}],"curies":[{"name":"wp","href":"https:\/\/api.w.org\/{rel}","templated":true}]}}