






{"id":63617,"date":"2025-11-26T12:02:26","date_gmt":"2025-11-26T03:02:26","guid":{"rendered":"https:\/\/guide.fire-emblem-heroes.com\/?p=63617"},"modified":"2025-12-15T16:20:43","modified_gmt":"2025-12-15T07:20:43","slug":"06001002001316-2","status":"publish","type":"post","link":"https:\/\/guide.fire-emblem-heroes.com\/pt-BR\/06001002001316-2\/","title":{"rendered":"<span class=\"character_nick\">Esperan\u00e7a viva<\/span><span class=\"character_name\">Lyn<\/span>"},"content":{"rendered":"<main id=\"CHARA_1316\" class=\"main_page character\">\r\n            <article>\r\n                <section class=\"sec sec_character\">\r\n                    <ul class=\"sec_ul sec_ul--character slick-box\">\r\n                        <li class=\"sec_li sec_li--character\">\r\n                            <img decoding=\"async\" src=\"https:\/\/guide.fire-emblem-heroes.com\/wp-content\/uploads\/lin_glitters_of_hope_slide01.png\" alt=\"\" \/>\r\n                        <\/li>\r\n                        <li class=\"sec_li sec_li--character\">\r\n                            <img decoding=\"async\" src=\"https:\/\/guide.fire-emblem-heroes.com\/wp-content\/uploads\/lin_glitters_of_hope_slide02.png\" alt=\"\" \/>\r\n                        <\/li>\r\n                        <li class=\"sec_li sec_li--character\">\r\n                            <img decoding=\"async\" src=\"https:\/\/guide.fire-emblem-heroes.com\/wp-content\/uploads\/lin_glitters_of_hope_slide03.png\" alt=\"\" \/>\r\n                        <\/li>\r\n                        <li class=\"sec_li sec_li--character\">\r\n                            <img decoding=\"async\" src=\"https:\/\/guide.fire-emblem-heroes.com\/wp-content\/uploads\/lin_glitters_of_hope_slide04.png\" alt=\"\" \/>\r\n                        <\/li>\r\n                    <\/ul>\r\n                    <div class=\"sec_charainfoarea flex\">\r\n                        <div class=\"sec_gif\"><img loading=\"lazy\" decoding=\"async\" src=\"https:\/\/guide.fire-emblem-heroes.com\/wp-content\/uploads\/lin_glitters_of_hope.png\" alt=\"\" width=\"210\" height=\"190\"\/><\/div>\r\n                        <div class=\"sec_charainfo\">\r\n                            <p id=\"CHARA_1316_002\" class=\"sec_characate sec_characate sec_characate--harmonized_hero\">Harmonia heroica<\/p>\r\n                            <p id=\"CHARA_1316_003\" class=\"sec_charanick\">Esperan\u00e7a viva<\/p>\r\n                            <p id=\"CHARA_1316_004\" class=\"sec_charaname\">Lyn<\/p>\r\n                            <p id=\"CHARA_1316_005\" class=\"sec_charaappearancetxt\">Aparece em<\/p>\r\n                            <p id=\"CHARA_1316_006\" class=\"sec_charaappearancetxt\">Fire Emblem: The Blazing Blade<br \/>Fire Emblem Awakening<\/p>\r\n                        <\/div>\r\n                    <\/div>\r\n                <\/section>\r\n            <\/article>\r\n            <article>\r\n                <section class=\"sec sec_characterarea\">\r\n                    <div class=\"sec_h2chara\">\r\n                        <p id=\"CHARA_1316_007\" class=\"sec_h2charattl\">Sharena apresenta:<\/p>\r\n                        <h2 id=\"CHARA_1316_008\" class=\"sec_h2charatxt\">Esperan\u00e7a viva Lyn<\/h2>\r\n                    <\/div>\r\n                    <dl class=\"sec_dl flex\">\r\n                        <dt id=\"CHARA_1316_009\" class=\"sec_dt\">Lyn, a dama da casa Caelin da Liga lyciana, e Lucina, princesa do reino sagrado de Ylisse, uniram-se!<\/dt>\r\n                        <dd class=\"sec_dd\">\r\n                            <a href=\"https:\/\/guide.fire-emblem-heroes.com\/wp-content\/uploads\/lin_glitters_of_hope_pop01.png\" class=\"popup-image\">\r\n                                <img decoding=\"async\" src=\"https:\/\/guide.fire-emblem-heroes.com\/wp-content\/uploads\/lin_glitters_of_hope_info01.png\" alt=\"\" \/>\r\n                            <\/a>\r\n                        <\/dd>\r\n                        <dt id=\"CHARA_1316_010\" class=\"sec_dt\">Lyn j\u00e1 viveu como membro de uma tribo n\u00f4made nas plan\u00edcies. Aqui, ela veste trajes n\u00f4mades feitos para facilitar os movimentos e tamb\u00e9m carrega um arco, a arma que seu pai, o l\u00edder da tribo, lhe ensinou a usar!<\/dt>\r\n                        <dd class=\"sec_dd\">\r\n                            <a href=\"https:\/\/guide.fire-emblem-heroes.com\/wp-content\/uploads\/lin_glitters_of_hope_pop02.png\" class=\"popup-image\">\r\n                                <img decoding=\"async\" src=\"https:\/\/guide.fire-emblem-heroes.com\/wp-content\/uploads\/lin_glitters_of_hope_info02.png\" alt=\"\" \/>\r\n                            <\/a>\r\n                        <\/dd>\r\n                        <dt id=\"CHARA_1316_011\" class=\"sec_dt\">Enquanto isso, Lucina \u00e9 o oposto de Lyn, equipada com armadura pesada. Ela est\u00e1 vestindo a mesma armadura que seu pai, Chrom, e tamb\u00e9m est\u00e1 equipada com uma lan\u00e7a e um escudo formid\u00e1veis!<\/dt>\r\n                        <dd class=\"sec_dd\">\r\n                            <a href=\"https:\/\/guide.fire-emblem-heroes.com\/wp-content\/uploads\/lin_glitters_of_hope_pop03.png\" class=\"popup-image\">\r\n                                <img decoding=\"async\" src=\"https:\/\/guide.fire-emblem-heroes.com\/wp-content\/uploads\/lin_glitters_of_hope_info03.png\" alt=\"\" \/>\r\n                            <\/a>\r\n                        <\/dd>\r\n                        <dt id=\"CHARA_1316_012\" class=\"sec_dt\">Lyn e Lucina aprenderam muito com seus pais, de andar a cavalo at\u00e9 usar armas. Acho que elas ser\u00e3o \u00f3timas amigas que podem motivar uma \u00e0 outra a seguir os passos de seus pais!<\/dt>\r\n                        <dd class=\"sec_dd\">\r\n                            <a href=\"https:\/\/guide.fire-emblem-heroes.com\/wp-content\/uploads\/lin_glitters_of_hope_pop04.png\" class=\"popup-image\">\r\n                                <img decoding=\"async\" src=\"https:\/\/guide.fire-emblem-heroes.com\/wp-content\/uploads\/lin_glitters_of_hope_info04.png\" alt=\"\" \/>\r\n                            <\/a>\r\n                        <\/dd>\r\n                    <\/dl>\r\n                    <h3 id=\"CHARA_1316_013\" class=\"sec_h3charatxt\">Personagens relacionados<\/h3>\r\n                    <h4 id=\"CHARA_1316_014\" class=\"sec_h4charatxt\">Hassar<\/h4>\r\n                    <p id=\"CHARA_1316_015\" class=\"sec_charatxt\">L\u00edder de Lorca, uma tribo n\u00f4made que percorre as plan\u00edcies de Sacae. \u00c9 um arqueiro renomado e um espadachim habilidoso. Pai de Lyn.<\/p>\r\n                    <h4 id=\"CHARA_1316_016\" class=\"sec_h4charatxt\">Chrom<\/h4>\r\n                    <p id=\"CHARA_1316_017\" class=\"sec_charatxt\">Pr\u00edncipe de Ylisse e descendente do rei heroico. \u00c9 o l\u00edder dos Guardi\u00f5es. Pai de Lucina.<\/p>\r\n                <\/section>\r\n            <\/article>\r\n        <\/main>","protected":false},"excerpt":{"rendered":"Harmonia heroica Esperan\u00e7a viva Lyn Aparece em Fire Emblem: The Blazing BladeFire Emblem Awakening Sharena apresenta: Esperan\u00e7a viva Lyn Lyn, a dama da casa Caelin da Liga lyciana, e Lucina, princesa do reino sagrado de Ylisse, uniram-se! Lyn j\u00e1 viveu como membro de uma tribo n\u00f4made nas plan\u00edcies. Aqui, ela veste trajes n\u00f4mades feitos para [&hellip;]","protected":false},"author":1,"featured_media":63676,"comment_status":"closed","ping_status":"closed","sticky":false,"template":"","format":"standard","meta":{"advanced_seo_description":"","jetpack_seo_html_title":"","jetpack_seo_noindex":false,"_jetpack_newsletter_access":"","_jetpack_dont_email_post_to_subs":false,"_jetpack_newsletter_tier_id":0,"_jetpack_memberships_contains_paywalled_content":false,"_locale":"pt_BR","_original_post":"https:\/\/guide.fire-emblem-heroes.com\/?p=63607","_jetpack_memberships_contains_paid_content":false,"footnotes":"","jetpack_publicize_message":"","jetpack_publicize_feature_enabled":true,"jetpack_social_post_already_shared":false,"jetpack_social_options":{"image_generator_settings":{"template":"highway","default_image_id":0,"font":"","enabled":false},"version":2},"_wpas_customize_per_network":false,"jetpack_post_was_ever_published":false},"categories":[1384,1427,1464,1390],"tags":[1471],"class_list":["post-63617","post","type-post","status-publish","format-standard","has-post-thumbnail","hentry","category-character","category-ex_works_the_blazing_blade","category-harmonized_heroes","category-stay_heroes","tag-harmonia-heroica","pt-BR"],"jetpack_publicize_connections":[],"jetpack_featured_media_url":"https:\/\/guide.fire-emblem-heroes.com\/wp-content\/uploads\/lin_glitters_of_hope.png","jetpack_sharing_enabled":false,"jetpack_shortlink":"https:\/\/wp.me\/pa0Mj3-gy5","jetpack_likes_enabled":false,"amp_enabled":false,"_links":{"self":[{"href":"https:\/\/guide.fire-emblem-heroes.com\/wp-json\/wp\/v2\/posts\/63617","targetHints":{"allow":["GET"]}}],"collection":[{"href":"https:\/\/guide.fire-emblem-heroes.com\/wp-json\/wp\/v2\/posts"}],"about":[{"href":"https:\/\/guide.fire-emblem-heroes.com\/wp-json\/wp\/v2\/types\/post"}],"author":[{"embeddable":true,"href":"https:\/\/guide.fire-emblem-heroes.com\/wp-json\/wp\/v2\/users\/1"}],"replies":[{"embeddable":true,"href":"https:\/\/guide.fire-emblem-heroes.com\/wp-json\/wp\/v2\/comments?post=63617"}],"version-history":[{"count":1,"href":"https:\/\/guide.fire-emblem-heroes.com\/wp-json\/wp\/v2\/posts\/63617\/revisions"}],"predecessor-version":[{"id":63627,"href":"https:\/\/guide.fire-emblem-heroes.com\/wp-json\/wp\/v2\/posts\/63617\/revisions\/63627"}],"wp:featuredmedia":[{"embeddable":true,"href":"https:\/\/guide.fire-emblem-heroes.com\/wp-json\/wp\/v2\/media\/63676"}],"wp:attachment":[{"href":"https:\/\/guide.fire-emblem-heroes.com\/wp-json\/wp\/v2\/media?parent=63617"}],"wp:term":[{"taxonomy":"category","embeddable":true,"href":"https:\/\/guide.fire-emblem-heroes.com\/wp-json\/wp\/v2\/categories?post=63617"},{"taxonomy":"post_tag","embeddable":true,"href":"https:\/\/guide.fire-emblem-heroes.com\/wp-json\/wp\/v2\/tags?post=63617"}],"curies":[{"name":"wp","href":"https:\/\/api.w.org\/{rel}","templated":true}]}}