






{"id":64035,"date":"2025-12-12T12:28:57","date_gmt":"2025-12-12T03:28:57","guid":{"rendered":"https:\/\/guide.fire-emblem-heroes.com\/?p=64035"},"modified":"2026-01-15T16:05:32","modified_gmt":"2026-01-15T07:05:32","slug":"14002002001326-2","status":"publish","type":"post","link":"https:\/\/guide.fire-emblem-heroes.com\/pt-BR\/14002002001326-2\/","title":{"rendered":"<span class=\"character_nick\">Floco de alegria<\/span><span class=\"character_name\">Alfred<\/span>"},"content":{"rendered":"<main id=\"CHARA_1326\" class=\"main_page character\">\r\n            <article>\r\n                <section class=\"sec sec_character\">\r\n                    <ul class=\"sec_ul sec_ul--character slick-box\">\r\n                        <li class=\"sec_li sec_li--character\">\r\n                            <img decoding=\"async\" src=\"https:\/\/guide.fire-emblem-heroes.com\/wp-content\/uploads\/alfred_joyous_snowdrop_slide01.png\" alt=\"\" \/>\r\n                        <\/li>\r\n                        <li class=\"sec_li sec_li--character\">\r\n                            <img decoding=\"async\" src=\"https:\/\/guide.fire-emblem-heroes.com\/wp-content\/uploads\/alfred_joyous_snowdrop_slide02.png\" alt=\"\" \/>\r\n                        <\/li>\r\n                        <li class=\"sec_li sec_li--character\">\r\n                            <img decoding=\"async\" src=\"https:\/\/guide.fire-emblem-heroes.com\/wp-content\/uploads\/alfred_joyous_snowdrop_slide03.png\" alt=\"\" \/>\r\n                        <\/li>\r\n                        <li class=\"sec_li sec_li--character\">\r\n                            <img decoding=\"async\" src=\"https:\/\/guide.fire-emblem-heroes.com\/wp-content\/uploads\/alfred_joyous_snowdrop_slide04.png\" alt=\"\" \/>\r\n                        <\/li>\r\n                    <\/ul>\r\n                    <div class=\"sec_charainfoarea flex\">\r\n                        <div class=\"sec_gif\"><img loading=\"lazy\" decoding=\"async\" src=\"https:\/\/guide.fire-emblem-heroes.com\/wp-content\/uploads\/alfred_joyous_snowdrop.png\" alt=\"\" width=\"210\" height=\"190\"\/><\/div>\r\n                        <div class=\"sec_charainfo\">\r\n                            <p id=\"CHARA_1326_002\" class=\"sec_characate sec_characate--special_heroes\">Her\u00f3i especial<\/p>\r\n                            <p id=\"CHARA_1326_003\" class=\"sec_charanick\">Floco de alegria<\/p>\r\n                            <p id=\"CHARA_1326_004\" class=\"sec_charaname\">Alfred<\/p>\r\n                            <p id=\"CHARA_1326_005\" class=\"sec_charaappearancetxt\">Aparece em<\/p>\r\n                            <p id=\"CHARA_1326_006\" class=\"sec_charaappearancetxt\">Fire Emblem Engage<\/p>\r\n                        <\/div>\r\n                    <\/div>\r\n                <\/section>\r\n            <\/article>\r\n            <article>\r\n                <section class=\"sec sec_characterarea\">\r\n                    <div class=\"sec_h2chara\">\r\n                        <p id=\"CHARA_1326_007\" class=\"sec_h2charattl\">Sharena apresenta:<\/p>\r\n                        <h2 id=\"CHARA_1326_008\" class=\"sec_h2charatxt\">Floco de alegria Alfred<\/h2>\r\n                    <\/div>\r\n                    <dl class=\"sec_dl flex\">\r\n                        <dt id=\"CHARA_1326_009\" class=\"sec_dt\">Alfred \u00e9 o pr\u00edncipe herdeiro do reino de Firene, em Elyos, e adora malhar para esculpir seus m\u00fasculos! Aqui, ele traz o seu f\u00edsico impressionante para o festival de inverno.<\/dt>\r\n                        <dd class=\"sec_dd\">\r\n                            <a href=\"https:\/\/guide.fire-emblem-heroes.com\/wp-content\/uploads\/alfred_joyous_snowdrop_pop01.png\" class=\"popup-image\">\r\n                                <img decoding=\"async\" src=\"https:\/\/guide.fire-emblem-heroes.com\/wp-content\/uploads\/alfred_joyous_snowdrop_info01.png\" alt=\"\" \/>\r\n                            <\/a>\r\n                        <\/dd>\r\n                        <dt id=\"CHARA_1326_010\" class=\"sec_dt\">Essa \u00e9 a roupa especial de Alfred para o festival de inverno! Um traje festivo que tem tudo a ver com a \u00e9poca do ano, com um esquema de cores em vermelho e verde, decorado com enfeites.<\/dt>\r\n                        <dd class=\"sec_dd\">\r\n                            <a href=\"https:\/\/guide.fire-emblem-heroes.com\/wp-content\/uploads\/alfred_joyous_snowdrop_pop02.png\" class=\"popup-image\">\r\n                                <img decoding=\"async\" src=\"https:\/\/guide.fire-emblem-heroes.com\/wp-content\/uploads\/alfred_joyous_snowdrop_info02.png\" alt=\"\" \/>\r\n                            <\/a>\r\n                        <\/dd>\r\n                        <dt id=\"CHARA_1326_011\" class=\"sec_dt\">O acess\u00f3rio no cabelo dele tem formato de folha natalina e sua lan\u00e7a tem um la\u00e7o verde com listras vermelhas como decora\u00e7\u00e3o.<\/dt>\r\n                        <dd class=\"sec_dd\">\r\n                            <a href=\"https:\/\/guide.fire-emblem-heroes.com\/wp-content\/uploads\/alfred_joyous_snowdrop_pop03.png\" class=\"popup-image\">\r\n                                <img decoding=\"async\" src=\"https:\/\/guide.fire-emblem-heroes.com\/wp-content\/uploads\/alfred_joyous_snowdrop_info03.png\" alt=\"\" \/>\r\n                            <\/a>\r\n                        <\/dd>\r\n                        <dt id=\"CHARA_1326_012\" class=\"sec_dt\">Agora que vestiu sua roupa do festival de inverno, Alfred est\u00e1 pronto para as festividades! Ouvi dizer que ele fez at\u00e9 um treino especial para poder correr bem r\u00e1pido e entregar presentes a todos. Talvez ele sue tanto que derreta toda a neve!<\/dt>\r\n                        <dd class=\"sec_dd\">\r\n                            <a href=\"https:\/\/guide.fire-emblem-heroes.com\/wp-content\/uploads\/alfred_joyous_snowdrop_pop04.png\" class=\"popup-image\">\r\n                                <img decoding=\"async\" src=\"https:\/\/guide.fire-emblem-heroes.com\/wp-content\/uploads\/alfred_joyous_snowdrop_info04.png\" alt=\"\" \/>\r\n                            <\/a>\r\n                        <\/dd>\r\n                    <\/dl>\r\n                    <h3 id=\"CHARA_1326_013\" class=\"sec_h3charatxt\">Personagens relacionados<\/h3>\r\n                    <h4 id=\"CHARA_1326_014\" class=\"sec_h4charatxt\">C\u00e9line<\/h4>\r\n                    <p id=\"CHARA_1326_015\" class=\"sec_charatxt\">Princesa de Firene e irm\u00e3 mais nova de Alfred. Tem um temperamento doce e tem uma paix\u00e3o por ch\u00e1.<\/p>\r\n                    <h4 id=\"CHARA_1326_016\" class=\"sec_h4charatxt\">Etie<\/h4>\r\n                    <p id=\"CHARA_1326_017\" class=\"sec_charatxt\">Cavaleira real de Firene e criada do pr\u00edncipe Alfred. Ela \u00e9 uma dama da nobreza que n\u00e3o perde nenhuma oportunidade de aumentar seus m\u00fasculos.<\/p>\r\n                    <h4 id=\"CHARA_1326_018\" class=\"sec_h4charatxt\">Alear<\/h4>\r\n                    <p id=\"CHARA_1326_019\" class=\"sec_charatxt\">Descendente do drag\u00e3o divino que despertou de um longo sono. Invoca emblemas para trazer paz ao mundo. Aliada de Alfred.<\/p>\r\n                <\/section>\r\n            <\/article>\r\n        <\/main>","protected":false},"excerpt":{"rendered":"Her\u00f3i especial Floco de alegria Alfred Aparece em Fire Emblem Engage Sharena apresenta: Floco de alegria Alfred Alfred \u00e9 o pr\u00edncipe herdeiro do reino de Firene, em Elyos, e adora malhar para esculpir seus m\u00fasculos! Aqui, ele traz o seu f\u00edsico impressionante para o festival de inverno. Essa \u00e9 a roupa especial de Alfred para [&hellip;]","protected":false},"author":1,"featured_media":64080,"comment_status":"closed","ping_status":"closed","sticky":false,"template":"","format":"standard","meta":{"advanced_seo_description":"","jetpack_seo_html_title":"","jetpack_seo_noindex":false,"_jetpack_newsletter_access":"","_jetpack_dont_email_post_to_subs":false,"_jetpack_newsletter_tier_id":0,"_jetpack_memberships_contains_paywalled_content":false,"_locale":"pt_BR","_original_post":"https:\/\/guide.fire-emblem-heroes.com\/?p=64025","_jetpack_memberships_contains_paid_content":false,"footnotes":"","jetpack_publicize_message":"","jetpack_publicize_feature_enabled":true,"jetpack_social_post_already_shared":false,"jetpack_social_options":{"image_generator_settings":{"template":"highway","default_image_id":0,"font":"","enabled":false},"version":2},"_wpas_customize_per_network":false,"jetpack_post_was_ever_published":false},"categories":[1512,1384,1405,1390],"tags":[1459],"class_list":["post-64035","post","type-post","status-publish","format-standard","has-post-thumbnail","hentry","category-ex_works_engage","category-character","category-special_heroes","category-stay_heroes","tag-heroi-especial","pt-BR"],"jetpack_publicize_connections":[],"jetpack_featured_media_url":"https:\/\/guide.fire-emblem-heroes.com\/wp-content\/uploads\/alfred_joyous_snowdrop.png","jetpack_sharing_enabled":false,"jetpack_shortlink":"https:\/\/wp.me\/pa0Mj3-gEP","jetpack_likes_enabled":false,"amp_enabled":false,"_links":{"self":[{"href":"https:\/\/guide.fire-emblem-heroes.com\/wp-json\/wp\/v2\/posts\/64035","targetHints":{"allow":["GET"]}}],"collection":[{"href":"https:\/\/guide.fire-emblem-heroes.com\/wp-json\/wp\/v2\/posts"}],"about":[{"href":"https:\/\/guide.fire-emblem-heroes.com\/wp-json\/wp\/v2\/types\/post"}],"author":[{"embeddable":true,"href":"https:\/\/guide.fire-emblem-heroes.com\/wp-json\/wp\/v2\/users\/1"}],"replies":[{"embeddable":true,"href":"https:\/\/guide.fire-emblem-heroes.com\/wp-json\/wp\/v2\/comments?post=64035"}],"version-history":[{"count":1,"href":"https:\/\/guide.fire-emblem-heroes.com\/wp-json\/wp\/v2\/posts\/64035\/revisions"}],"predecessor-version":[{"id":64039,"href":"https:\/\/guide.fire-emblem-heroes.com\/wp-json\/wp\/v2\/posts\/64035\/revisions\/64039"}],"wp:featuredmedia":[{"embeddable":true,"href":"https:\/\/guide.fire-emblem-heroes.com\/wp-json\/wp\/v2\/media\/64080"}],"wp:attachment":[{"href":"https:\/\/guide.fire-emblem-heroes.com\/wp-json\/wp\/v2\/media?parent=64035"}],"wp:term":[{"taxonomy":"category","embeddable":true,"href":"https:\/\/guide.fire-emblem-heroes.com\/wp-json\/wp\/v2\/categories?post=64035"},{"taxonomy":"post_tag","embeddable":true,"href":"https:\/\/guide.fire-emblem-heroes.com\/wp-json\/wp\/v2\/tags?post=64035"}],"curies":[{"name":"wp","href":"https:\/\/api.w.org\/{rel}","templated":true}]}}