






{"id":64214,"date":"2025-12-25T11:46:10","date_gmt":"2025-12-25T02:46:10","guid":{"rendered":"https:\/\/guide.fire-emblem-heroes.com\/?p=64214"},"modified":"2026-02-03T14:32:42","modified_gmt":"2026-02-03T05:32:42","slug":"00009002001329-2","status":"publish","type":"post","link":"https:\/\/guide.fire-emblem-heroes.com\/pt-BR\/00009002001329-2\/","title":{"rendered":"<span class=\"character_nick\">Elite da virada<\/span><span class=\"character_name\">Baldr<\/span>"},"content":{"rendered":"<main id=\"CHARA_1329\" class=\"main_page character\">\r\n            <article>\r\n                <section class=\"sec sec_character\">\r\n                    <ul class=\"sec_ul sec_ul--character slick-box\">\r\n                        <li class=\"sec_li sec_li--character\">\r\n                            <img decoding=\"async\" src=\"https:\/\/guide.fire-emblem-heroes.com\/wp-content\/uploads\/baldr_new_years_elite_slide01.png\" alt=\"\" \/>\r\n                        <\/li>\r\n                        <li class=\"sec_li sec_li--character\">\r\n                            <img decoding=\"async\" src=\"https:\/\/guide.fire-emblem-heroes.com\/wp-content\/uploads\/baldr_new_years_elite_slide02.png\" alt=\"\" \/>\r\n                        <\/li>\r\n                        <li class=\"sec_li sec_li--character\">\r\n                            <img decoding=\"async\" src=\"https:\/\/guide.fire-emblem-heroes.com\/wp-content\/uploads\/baldr_new_years_elite_slide03.png\" alt=\"\" \/>\r\n                        <\/li>\r\n                        <li class=\"sec_li sec_li--character\">\r\n                            <img decoding=\"async\" src=\"https:\/\/guide.fire-emblem-heroes.com\/wp-content\/uploads\/baldr_new_years_elite_slide04.png\" alt=\"\" \/>\r\n                        <\/li>\r\n                    <\/ul>\r\n                    <div class=\"sec_charainfoarea flex\">\r\n                        <div class=\"sec_gif\"><img loading=\"lazy\" decoding=\"async\" src=\"https:\/\/guide.fire-emblem-heroes.com\/wp-content\/uploads\/baldr_new_years_elite.png\" alt=\"\" width=\"210\" height=\"190\"\/><\/div>\r\n                        <div class=\"sec_charainfo\">\r\n                            <p id=\"CHARA_1329_002\" class=\"sec_characate sec_characate--duo_hero\">Dupla heroica<\/p>\r\n                            <p id=\"CHARA_1329_003\" class=\"sec_charanick\">Elite da virada<\/p>\r\n                            <p id=\"CHARA_1329_004\" class=\"sec_charaname\">Baldr<\/p>\r\n                            <p id=\"CHARA_1329_005\" class=\"sec_charaappearancetxt\">Aparece em<\/p>\r\n                            <p id=\"CHARA_1329_006\" class=\"sec_charaappearancetxt\">Fire Emblem Heroes<\/p>\r\n                        <\/div>\r\n                    <\/div>\r\n                <\/section>\r\n            <\/article>\r\n            <article>\r\n                <section class=\"sec sec_characterarea\">\r\n                    <div class=\"sec_h2chara\">\r\n                        <p id=\"CHARA_1329_007\" class=\"sec_h2charattl\">Sharena apresenta:<\/p>\r\n                        <h2 id=\"CHARA_1329_008\" class=\"sec_h2charatxt\">Elite da virada Baldr<\/h2>\r\n                    <\/div>\r\n                    <dl class=\"sec_dl flex\">\r\n                        <dt id=\"CHARA_1329_009\" class=\"sec_dt\">Baldr \u00e9 uma deusa do reino celestial de \u00c1sgar\u00f0r e veio celebrar o Ano Novo conosco! Ela trouxe sua irm\u00e3, H\u00f6\u00f0r, que tamb\u00e9m veste um traje especial para a ocasi\u00e3o!<\/dt>\r\n                        <dd class=\"sec_dd\">\r\n                            <a href=\"https:\/\/guide.fire-emblem-heroes.com\/wp-content\/uploads\/baldr_new_years_elite_pop01.png\" class=\"popup-image\">\r\n                                <img decoding=\"async\" src=\"https:\/\/guide.fire-emblem-heroes.com\/wp-content\/uploads\/baldr_new_years_elite_info01.png\" alt=\"\" \/>\r\n                            <\/a>\r\n                        <\/dd>\r\n                        <dt id=\"CHARA_1329_010\" class=\"sec_dt\">Para esta comemora\u00e7\u00e3o de Ano Novo, Baldr usa um quimono cinza claro com uma jaqueta haori laranja. A estampa de rosas brancas espalhadas pela roupa deixa o visual muito glamoroso!<\/dt>\r\n                        <dd class=\"sec_dd\">\r\n                            <a href=\"https:\/\/guide.fire-emblem-heroes.com\/wp-content\/uploads\/baldr_new_years_elite_pop02.png\" class=\"popup-image\">\r\n                                <img decoding=\"async\" src=\"https:\/\/guide.fire-emblem-heroes.com\/wp-content\/uploads\/baldr_new_years_elite_info02.png\" alt=\"\" \/>\r\n                            <\/a>\r\n                        <\/dd>\r\n                        <dt id=\"CHARA_1329_011\" class=\"sec_dt\">Enquanto isso, a roupa de H\u00f6\u00f0r \u00e9 azul, decorada com estampas de flores de ameixa. Ela tamb\u00e9m est\u00e1 usando botas para combinar com suas cal\u00e7as hakama modernas!<\/dt>\r\n                        <dd class=\"sec_dd\">\r\n                            <a href=\"https:\/\/guide.fire-emblem-heroes.com\/wp-content\/uploads\/baldr_new_years_elite_pop03.png\" class=\"popup-image\">\r\n                                <img decoding=\"async\" src=\"https:\/\/guide.fire-emblem-heroes.com\/wp-content\/uploads\/baldr_new_years_elite_info03.png\" alt=\"\" \/>\r\n                            <\/a>\r\n                        <\/dd>\r\n                        <dt id=\"CHARA_1329_012\" class=\"sec_dt\">Baldr est\u00e1 enfrentando o desafio de jogar hanetsuki e empinar pipas, enquanto H\u00f6\u00f0r se contenta em assistir. Parece que as duas irm\u00e3s est\u00e3o se divertindo juntas no Ano Novo!<\/dt>\r\n                        <dd class=\"sec_dd\">\r\n                            <a href=\"https:\/\/guide.fire-emblem-heroes.com\/wp-content\/uploads\/baldr_new_years_elite_pop04.png\" class=\"popup-image\">\r\n                                <img decoding=\"async\" src=\"https:\/\/guide.fire-emblem-heroes.com\/wp-content\/uploads\/baldr_new_years_elite_info04.png\" alt=\"\" \/>\r\n                            <\/a>\r\n                        <\/dd>\r\n                    <\/dl>\r\n                    <h3 id=\"CHARA_1329_013\" class=\"sec_h3charatxt\">Personagens relacionados<\/h3>\r\n                    <h4 id=\"CHARA_1329_014\" class=\"sec_h4charatxt\">V\u00e1li<\/h4>\r\n                    <p id=\"CHARA_1329_015\" class=\"sec_charatxt\">Vingativa deusa de \u00c1sgar\u00f0r, o reino celestial. Adora a irm\u00e3, Baldr, e jurou vingar-se de todos que a feriram. Irm\u00e3 mais nova de Baldr e H\u00f6\u00f0r.<\/p>\r\n                    <h4 id=\"CHARA_1329_016\" class=\"sec_h4charatxt\">Alfa\u00f0\u00f6r, rei celestial<\/h4>\r\n                    <p id=\"CHARA_1329_017\" class=\"sec_charatxt\">Rei dos deuses de \u00c1sgar\u00f0r, o reino celestial. Ele almeja saber todas as coisas e sacrificar\u00e1 o que for em troca desse conhecimento. Pai de Baldr e H\u00f6\u00f0r.<\/p>\r\n                <\/section>\r\n            <\/article>\r\n        <\/main>","protected":false},"excerpt":{"rendered":"Dupla heroica Elite da virada Baldr Aparece em Fire Emblem Heroes Sharena apresenta: Elite da virada Baldr Baldr \u00e9 uma deusa do reino celestial de \u00c1sgar\u00f0r e veio celebrar o Ano Novo conosco! Ela trouxe sua irm\u00e3, H\u00f6\u00f0r, que tamb\u00e9m veste um traje especial para a ocasi\u00e3o! Para esta comemora\u00e7\u00e3o de Ano Novo, Baldr usa [&hellip;]","protected":false},"author":1,"featured_media":64300,"comment_status":"closed","ping_status":"closed","sticky":false,"template":"","format":"standard","meta":{"advanced_seo_description":"","jetpack_seo_html_title":"","jetpack_seo_noindex":false,"_jetpack_newsletter_access":"","_jetpack_dont_email_post_to_subs":false,"_jetpack_newsletter_tier_id":0,"_jetpack_memberships_contains_paywalled_content":false,"_locale":"pt_BR","_original_post":"https:\/\/guide.fire-emblem-heroes.com\/?p=64204","_jetpack_memberships_contains_paid_content":false,"footnotes":"","jetpack_publicize_message":"","jetpack_publicize_feature_enabled":true,"jetpack_social_post_already_shared":false,"jetpack_social_options":{"image_generator_settings":{"template":"highway","default_image_id":0,"font":"","enabled":false},"version":2},"_wpas_customize_per_network":false,"jetpack_post_was_ever_published":false},"categories":[1384,1423,1390,1440],"tags":[1447],"class_list":["post-64214","post","type-post","status-publish","format-standard","has-post-thumbnail","hentry","category-character","category-ex_works_heroes","category-stay_heroes","category-duo_heroes","tag-dupla-heroica","pt-BR"],"jetpack_publicize_connections":[],"jetpack_featured_media_url":"https:\/\/guide.fire-emblem-heroes.com\/wp-content\/uploads\/baldr_new_years_elite.png","jetpack_sharing_enabled":false,"jetpack_shortlink":"https:\/\/wp.me\/pa0Mj3-gHI","jetpack_likes_enabled":false,"amp_enabled":false,"_links":{"self":[{"href":"https:\/\/guide.fire-emblem-heroes.com\/wp-json\/wp\/v2\/posts\/64214","targetHints":{"allow":["GET"]}}],"collection":[{"href":"https:\/\/guide.fire-emblem-heroes.com\/wp-json\/wp\/v2\/posts"}],"about":[{"href":"https:\/\/guide.fire-emblem-heroes.com\/wp-json\/wp\/v2\/types\/post"}],"author":[{"embeddable":true,"href":"https:\/\/guide.fire-emblem-heroes.com\/wp-json\/wp\/v2\/users\/1"}],"replies":[{"embeddable":true,"href":"https:\/\/guide.fire-emblem-heroes.com\/wp-json\/wp\/v2\/comments?post=64214"}],"version-history":[{"count":1,"href":"https:\/\/guide.fire-emblem-heroes.com\/wp-json\/wp\/v2\/posts\/64214\/revisions"}],"predecessor-version":[{"id":64224,"href":"https:\/\/guide.fire-emblem-heroes.com\/wp-json\/wp\/v2\/posts\/64214\/revisions\/64224"}],"wp:featuredmedia":[{"embeddable":true,"href":"https:\/\/guide.fire-emblem-heroes.com\/wp-json\/wp\/v2\/media\/64300"}],"wp:attachment":[{"href":"https:\/\/guide.fire-emblem-heroes.com\/wp-json\/wp\/v2\/media?parent=64214"}],"wp:term":[{"taxonomy":"category","embeddable":true,"href":"https:\/\/guide.fire-emblem-heroes.com\/wp-json\/wp\/v2\/categories?post=64214"},{"taxonomy":"post_tag","embeddable":true,"href":"https:\/\/guide.fire-emblem-heroes.com\/wp-json\/wp\/v2\/tags?post=64214"}],"curies":[{"name":"wp","href":"https:\/\/api.w.org\/{rel}","templated":true}]}}