






{"id":64698,"date":"2026-01-14T12:14:03","date_gmt":"2026-01-14T03:14:03","guid":{"rendered":"https:\/\/guide.fire-emblem-heroes.com\/?p=64698"},"modified":"2026-02-16T17:55:35","modified_gmt":"2026-02-16T08:55:35","slug":"01004002001341-2","status":"publish","type":"post","link":"https:\/\/guide.fire-emblem-heroes.com\/pt-BR\/01004002001341-2\/","title":{"rendered":"<span class=\"character_nick\">Al\u00e9m de estrelas<\/span><span class=\"character_name\">Minerva<\/span>"},"content":{"rendered":"<main id=\"CHARA_1341\" class=\"main_page character\">\r\n            <article>\r\n                <section class=\"sec sec_character\">\r\n                    <ul class=\"sec_ul sec_ul--character slick-box\">\r\n                        <li class=\"sec_li sec_li--character\">\r\n                            <img decoding=\"async\" src=\"https:\/\/guide.fire-emblem-heroes.com\/wp-content\/uploads\/minerba_above_the_stars_slide01.png\" alt=\"\" \/>\r\n                        <\/li>\r\n                        <li class=\"sec_li sec_li--character\">\r\n                            <img decoding=\"async\" src=\"https:\/\/guide.fire-emblem-heroes.com\/wp-content\/uploads\/minerba_above_the_stars_slide02.png\" alt=\"\" \/>\r\n                        <\/li>\r\n                        <li class=\"sec_li sec_li--character\">\r\n                            <img decoding=\"async\" src=\"https:\/\/guide.fire-emblem-heroes.com\/wp-content\/uploads\/minerba_above_the_stars_slide03.png\" alt=\"\" \/>\r\n                        <\/li>\r\n                        <li class=\"sec_li sec_li--character\">\r\n                            <img decoding=\"async\" src=\"https:\/\/guide.fire-emblem-heroes.com\/wp-content\/uploads\/minerba_above_the_stars_slide04.png\" alt=\"\" \/>\r\n                        <\/li>\r\n                    <\/ul>\r\n                    <div class=\"sec_charainfoarea flex\">\r\n                        <div class=\"sec_gif\"><img loading=\"lazy\" decoding=\"async\" src=\"https:\/\/guide.fire-emblem-heroes.com\/wp-content\/uploads\/minerba_above_the_stars.png\" alt=\"\" width=\"210\" height=\"190\"\/><\/div>\r\n                        <div class=\"sec_charainfo\">\r\n                            <p id=\"CHARA_1341_002\" class=\"sec_characate sec_characate--special_heroes\">Hero\u00edna especial<\/p>\r\n                            <p id=\"CHARA_1341_003\" class=\"sec_charanick\">Al\u00e9m de estrelas<\/p>\r\n                            <p id=\"CHARA_1341_004\" class=\"sec_charaname\">Minerva<\/p>\r\n                            <p id=\"CHARA_1341_005\" class=\"sec_charaappearancetxt\">Aparece em<\/p>\r\n                            <p id=\"CHARA_1341_006\" class=\"sec_charaappearancetxt\">Fire Emblem: Mystery of the Emblem<\/p>\r\n                        <\/div>\r\n                    <\/div>\r\n                <\/section>\r\n            <\/article>\r\n            <article>\r\n                <section class=\"sec sec_characterarea\">\r\n                    <div class=\"sec_h2chara\">\r\n                        <p id=\"CHARA_1341_007\" class=\"sec_h2charattl\">Sharena apresenta:<\/p>\r\n                        <h2 id=\"CHARA_1341_008\" class=\"sec_h2charatxt\">Al\u00e9m de estrelas Minerva<\/h2>\r\n                    <\/div>\r\n                    <dl class=\"sec_dl flex\">\r\n                        <dt id=\"CHARA_1341_009\" class=\"sec_dt\">Ilia, uma regi\u00e3o do norte de Elibe, \u00e9 conhecida por ser o habitat natural dos p\u00e9gasos. E \u00e9 por isso que Minerva, princesa de Maced\u00f4nia, est\u00e1 aqui vestida como uma cavaleira p\u00e9gaso para o nosso festival tem\u00e1tico de Ilia!<\/dt>\r\n                        <dd class=\"sec_dd\">\r\n                            <a href=\"https:\/\/guide.fire-emblem-heroes.com\/wp-content\/uploads\/minerba_above_the_stars_pop01.png\" class=\"popup-image\">\r\n                                <img decoding=\"async\" src=\"https:\/\/guide.fire-emblem-heroes.com\/wp-content\/uploads\/minerba_above_the_stars_info01.png\" alt=\"\" \/>\r\n                            <\/a>\r\n                        <\/dd>\r\n                        <dt id=\"CHARA_1341_010\" class=\"sec_dt\">Uma renomada cavaleira wyvern, Minerva normalmente usa uma armadura pesada. Mas aqui, ela est\u00e1 usando uma armadura muito mais leve, no estilo de uma cavaleira p\u00e9gaso, para o festival!<\/dt>\r\n                        <dd class=\"sec_dd\">\r\n                            <a href=\"https:\/\/guide.fire-emblem-heroes.com\/wp-content\/uploads\/minerba_above_the_stars_pop02.png\" class=\"popup-image\">\r\n                                <img decoding=\"async\" src=\"https:\/\/guide.fire-emblem-heroes.com\/wp-content\/uploads\/minerba_above_the_stars_info02.png\" alt=\"\" \/>\r\n                            <\/a>\r\n                        <\/dd>\r\n                        <dt id=\"CHARA_1341_011\" class=\"sec_dt\">O machado que ela carrega tamb\u00e9m \u00e9 diferente de sua arma habitual! Este tem um esquema de cores elegante, branco prateado, que lembra a neve de Ilia!<\/dt>\r\n                        <dd class=\"sec_dd\">\r\n                            <a href=\"https:\/\/guide.fire-emblem-heroes.com\/wp-content\/uploads\/minerba_above_the_stars_pop03.png\" class=\"popup-image\">\r\n                                <img decoding=\"async\" src=\"https:\/\/guide.fire-emblem-heroes.com\/wp-content\/uploads\/minerba_above_the_stars_info03.png\" alt=\"\" \/>\r\n                            <\/a>\r\n                        <\/dd>\r\n                        <dt id=\"CHARA_1341_012\" class=\"sec_dt\">Aparentemente, Minerva era uma cavaleira p\u00e9gaso antes de se tornar uma cavaleira wyvern. Deve ser maravilhoso estar de volta \u00e0 sela de um p\u00e9gaso!<\/dt>\r\n                        <dd class=\"sec_dd\">\r\n                            <a href=\"https:\/\/guide.fire-emblem-heroes.com\/wp-content\/uploads\/minerba_above_the_stars_pop04.png\" class=\"popup-image\">\r\n                                <img decoding=\"async\" src=\"https:\/\/guide.fire-emblem-heroes.com\/wp-content\/uploads\/minerba_above_the_stars_info04.png\" alt=\"\" \/>\r\n                            <\/a>\r\n                        <\/dd>\r\n                    <\/dl>\r\n                    <h3 id=\"CHARA_1341_013\" class=\"sec_h3charatxt\">Personagens relacionados<\/h3>\r\n                    <h4 id=\"CHARA_1341_014\" class=\"sec_h4charatxt\">Michalis<\/h4>\r\n                    <p id=\"CHARA_1341_015\" class=\"sec_charatxt\">Rei de Macedon, tinha grandes ambi\u00e7\u00f5es para o pa\u00eds. Assassinou o pr\u00f3prio pai. Irm\u00e3o de Minerva e Maria.<\/p>\r\n                    <h4 id=\"CHARA_1341_016\" class=\"sec_h4charatxt\">Maria<\/h4>\r\n                    <p id=\"CHARA_1341_017\" class=\"sec_charatxt\">Princesa de Macedon. Irm\u00e3 ca\u00e7ula de Minerva e Michalis, a quem ela ama muito.<\/p>\r\n                <\/section>\r\n            <\/article>\r\n        <\/main>","protected":false},"excerpt":{"rendered":"Hero\u00edna especial Al\u00e9m de estrelas Minerva Aparece em Fire Emblem: Mystery of the Emblem Sharena apresenta: Al\u00e9m de estrelas Minerva Ilia, uma regi\u00e3o do norte de Elibe, \u00e9 conhecida por ser o habitat natural dos p\u00e9gasos. E \u00e9 por isso que Minerva, princesa de Maced\u00f4nia, est\u00e1 aqui vestida como uma cavaleira p\u00e9gaso para o nosso [&hellip;]","protected":false},"author":1,"featured_media":64747,"comment_status":"closed","ping_status":"closed","sticky":false,"template":"","format":"standard","meta":{"advanced_seo_description":"","jetpack_seo_html_title":"","jetpack_seo_noindex":false,"_jetpack_newsletter_access":"","_jetpack_dont_email_post_to_subs":false,"_jetpack_newsletter_tier_id":0,"_jetpack_memberships_contains_paywalled_content":false,"_locale":"pt_BR","_original_post":"https:\/\/guide.fire-emblem-heroes.com\/?p=64688","_jetpack_memberships_contains_paid_content":false,"footnotes":"","jetpack_publicize_message":"","jetpack_publicize_feature_enabled":true,"jetpack_social_post_already_shared":false,"jetpack_social_options":{"image_generator_settings":{"template":"highway","default_image_id":0,"font":"","enabled":false},"version":2},"_wpas_customize_per_network":false,"jetpack_post_was_ever_published":false},"categories":[1384,1424,1405,1390],"tags":[1460],"class_list":["post-64698","post","type-post","status-publish","format-standard","has-post-thumbnail","hentry","category-character","category-ex_works_mystery_of_the_emblem","category-special_heroes","category-stay_heroes","tag-heroina-especial","pt-BR"],"jetpack_publicize_connections":[],"jetpack_featured_media_url":"https:\/\/guide.fire-emblem-heroes.com\/wp-content\/uploads\/minerba_above_the_stars.png","jetpack_sharing_enabled":false,"jetpack_shortlink":"https:\/\/wp.me\/pa0Mj3-gPw","jetpack_likes_enabled":false,"amp_enabled":false,"_links":{"self":[{"href":"https:\/\/guide.fire-emblem-heroes.com\/wp-json\/wp\/v2\/posts\/64698","targetHints":{"allow":["GET"]}}],"collection":[{"href":"https:\/\/guide.fire-emblem-heroes.com\/wp-json\/wp\/v2\/posts"}],"about":[{"href":"https:\/\/guide.fire-emblem-heroes.com\/wp-json\/wp\/v2\/types\/post"}],"author":[{"embeddable":true,"href":"https:\/\/guide.fire-emblem-heroes.com\/wp-json\/wp\/v2\/users\/1"}],"replies":[{"embeddable":true,"href":"https:\/\/guide.fire-emblem-heroes.com\/wp-json\/wp\/v2\/comments?post=64698"}],"version-history":[{"count":1,"href":"https:\/\/guide.fire-emblem-heroes.com\/wp-json\/wp\/v2\/posts\/64698\/revisions"}],"predecessor-version":[{"id":64702,"href":"https:\/\/guide.fire-emblem-heroes.com\/wp-json\/wp\/v2\/posts\/64698\/revisions\/64702"}],"wp:featuredmedia":[{"embeddable":true,"href":"https:\/\/guide.fire-emblem-heroes.com\/wp-json\/wp\/v2\/media\/64747"}],"wp:attachment":[{"href":"https:\/\/guide.fire-emblem-heroes.com\/wp-json\/wp\/v2\/media?parent=64698"}],"wp:term":[{"taxonomy":"category","embeddable":true,"href":"https:\/\/guide.fire-emblem-heroes.com\/wp-json\/wp\/v2\/categories?post=64698"},{"taxonomy":"post_tag","embeddable":true,"href":"https:\/\/guide.fire-emblem-heroes.com\/wp-json\/wp\/v2\/tags?post=64698"}],"curies":[{"name":"wp","href":"https:\/\/api.w.org\/{rel}","templated":true}]}}