






{"id":64897,"date":"2026-02-03T12:21:58","date_gmt":"2026-02-03T03:21:58","guid":{"rendered":"https:\/\/guide.fire-emblem-heroes.com\/?p=64897"},"modified":"2026-03-09T17:27:26","modified_gmt":"2026-03-09T08:27:26","slug":"14009002001344-2","status":"publish","type":"post","link":"https:\/\/guide.fire-emblem-heroes.com\/pt-BR\/14009002001344-2\/","title":{"rendered":"<span class=\"character_nick\">Irm\u00e3s drag\u00e3o<\/span><span class=\"character_name\">Veyle<\/span>"},"content":{"rendered":"<main id=\"CHARA_1344\" class=\"main_page character\">\r\n            <article>\r\n                <section class=\"sec sec_character\">\r\n                    <ul class=\"sec_ul sec_ul--character slick-box\">\r\n                        <li class=\"sec_li sec_li--character\">\r\n                            <img decoding=\"async\" src=\"https:\/\/guide.fire-emblem-heroes.com\/wp-content\/uploads\/veyre_sister_dragons_slide01.png\" alt=\"\" \/>\r\n                        <\/li>\r\n                        <li class=\"sec_li sec_li--character\">\r\n                            <img decoding=\"async\" src=\"https:\/\/guide.fire-emblem-heroes.com\/wp-content\/uploads\/veyre_sister_dragons_slide02.png\" alt=\"\" \/>\r\n                        <\/li>\r\n                        <li class=\"sec_li sec_li--character\">\r\n                            <img decoding=\"async\" src=\"https:\/\/guide.fire-emblem-heroes.com\/wp-content\/uploads\/veyre_sister_dragons_slide03.png\" alt=\"\" \/>\r\n                        <\/li>\r\n                        <li class=\"sec_li sec_li--character\">\r\n                            <img decoding=\"async\" src=\"https:\/\/guide.fire-emblem-heroes.com\/wp-content\/uploads\/veyre_sister_dragons_slide04.png\" alt=\"\" \/>\r\n                        <\/li>\r\n                    <\/ul>\r\n                    <div class=\"sec_charainfoarea flex\">\r\n                        <div class=\"sec_gif\"><img loading=\"lazy\" decoding=\"async\" src=\"https:\/\/guide.fire-emblem-heroes.com\/wp-content\/uploads\/veyre_sister_dragons.png\" alt=\"\" width=\"210\" height=\"190\"\/><\/div>\r\n                        <div class=\"sec_charainfo\">\r\n                            <p id=\"CHARA_1344_002\" class=\"sec_characate sec_characate--duo_hero\">Dupla heroica<\/p>\r\n                            <p id=\"CHARA_1344_003\" class=\"sec_charanick\">Irm\u00e3s drag\u00e3o<\/p>\r\n                            <p id=\"CHARA_1344_004\" class=\"sec_charaname\">Veyle<\/p>\r\n                            <p id=\"CHARA_1344_005\" class=\"sec_charaappearancetxt\">Aparece em<\/p>\r\n                            <p id=\"CHARA_1344_006\" class=\"sec_charaappearancetxt\">Fire Emblem Engage<\/p>\r\n                        <\/div>\r\n                    <\/div>\r\n                <\/section>\r\n            <\/article>\r\n            <article>\r\n                <section class=\"sec sec_characterarea\">\r\n                    <div class=\"sec_h2chara\">\r\n                        <p id=\"CHARA_1344_007\" class=\"sec_h2charattl\">Sharena apresenta:<\/p>\r\n                        <h2 id=\"CHARA_1344_008\" class=\"sec_h2charatxt\">Irm\u00e3s drag\u00e3o Veyle<\/h2>\r\n                    <\/div>\r\n                    <dl class=\"sec_dl flex\">\r\n                        <dt id=\"CHARA_1344_009\" class=\"sec_dt\">Veyle veio do continente de Elyos e \u00e9 a filha mais nova do terr\u00edvel drag\u00e3o Sombron. Ela est\u00e1 aqui para as festividades do Dia da Devo\u00e7\u00e3o e trouxe sua irm\u00e3 Alear!<\/dt>\r\n                        <dd class=\"sec_dd\">\r\n                            <a href=\"https:\/\/guide.fire-emblem-heroes.com\/wp-content\/uploads\/veyre_sister_dragons_pop01.png\" class=\"popup-image\">\r\n                                <img decoding=\"async\" src=\"https:\/\/guide.fire-emblem-heroes.com\/wp-content\/uploads\/veyre_sister_dragons_info01.png\" alt=\"\" \/>\r\n                            <\/a>\r\n                        <\/dd>\r\n                        <dt id=\"CHARA_1344_010\" class=\"sec_dt\">Aqui est\u00e1 Veyle com seu vestido branco especial para a ocasi\u00e3o. Ela est\u00e1 usando flores de fr\u00e9sia no cabelo e tamb\u00e9m as carrega em um buqu\u00ea. Al\u00e9m disso, a saia do vestido est\u00e1 decorada com babados lindos!<\/dt>\r\n                        <dd class=\"sec_dd\">\r\n                            <a href=\"https:\/\/guide.fire-emblem-heroes.com\/wp-content\/uploads\/veyre_sister_dragons_pop02.png\" class=\"popup-image\">\r\n                                <img decoding=\"async\" src=\"https:\/\/guide.fire-emblem-heroes.com\/wp-content\/uploads\/veyre_sister_dragons_info02.png\" alt=\"\" \/>\r\n                            <\/a>\r\n                        <\/dd>\r\n                        <dt id=\"CHARA_1344_011\" class=\"sec_dt\">Enquanto isso, o vestido de Alear tem um esquema de cores branco e azul, e ela complementou seu visual com uma tulipa. Ah, e voc\u00ea notou os detalhes em vermelho perto da gola? \u00c9 para combinar com a cor do cabelo dela!<\/dt>\r\n                        <dd class=\"sec_dd\">\r\n                            <a href=\"https:\/\/guide.fire-emblem-heroes.com\/wp-content\/uploads\/veyre_sister_dragons_pop03.png\" class=\"popup-image\">\r\n                                <img decoding=\"async\" src=\"https:\/\/guide.fire-emblem-heroes.com\/wp-content\/uploads\/veyre_sister_dragons_info03.png\" alt=\"\" \/>\r\n                            <\/a>\r\n                        <\/dd>\r\n                        <dt id=\"CHARA_1344_012\" class=\"sec_dt\">Embora sejam irm\u00e3s, Veyle e Alear ficaram separadas por muito tempo. Espero que elas possam compensar todas as oportunidades perdidas de se divertirem juntas neste Dia da Devo\u00e7\u00e3o!<\/dt>\r\n                        <dd class=\"sec_dd\">\r\n                            <a href=\"https:\/\/guide.fire-emblem-heroes.com\/wp-content\/uploads\/veyre_sister_dragons_pop04.png\" class=\"popup-image\">\r\n                                <img decoding=\"async\" src=\"https:\/\/guide.fire-emblem-heroes.com\/wp-content\/uploads\/veyre_sister_dragons_info04.png\" alt=\"\" \/>\r\n                            <\/a>\r\n                        <\/dd>\r\n                    <\/dl>\r\n                    <h3 id=\"CHARA_1344_013\" class=\"sec_h3charatxt\">Personagens relacionados<\/h3>\r\n                    <h4 id=\"CHARA_1344_014\" class=\"sec_h4charatxt\">Mauvier<\/h4>\r\n                    <p id=\"CHARA_1344_015\" class=\"sec_charatxt\">Cavaleiro de Veyle e antigo membro dos Quatro c\u00e3es de ca\u00e7a. \u00c9 um guerreiro leal que prefere uma abordagem direta.<\/p>\r\n                    <h4 id=\"CHARA_1344_016\" class=\"sec_h4charatxt\">Lumera<\/h4>\r\n                    <p id=\"CHARA_1344_017\" class=\"sec_charatxt\">Drag\u00e3o divino monarca, soberana do reino sagrado de Lythos. Ela \u00e9 m\u00e3e de Alear e a hero\u00edna que certa vez salvou todo o continente de Elyos.<\/p>\r\n                <\/section>\r\n            <\/article>\r\n        <\/main>","protected":false},"excerpt":{"rendered":"Dupla heroica Irm\u00e3s drag\u00e3o Veyle Aparece em Fire Emblem Engage Sharena apresenta: Irm\u00e3s drag\u00e3o Veyle Veyle veio do continente de Elyos e \u00e9 a filha mais nova do terr\u00edvel drag\u00e3o Sombron. Ela est\u00e1 aqui para as festividades do Dia da Devo\u00e7\u00e3o e trouxe sua irm\u00e3 Alear! Aqui est\u00e1 Veyle com seu vestido branco especial para [&hellip;]","protected":false},"author":1,"featured_media":65030,"comment_status":"closed","ping_status":"closed","sticky":false,"template":"","format":"standard","meta":{"advanced_seo_description":"","jetpack_seo_html_title":"","jetpack_seo_noindex":false,"_jetpack_newsletter_access":"","_jetpack_dont_email_post_to_subs":false,"_jetpack_newsletter_tier_id":0,"_jetpack_memberships_contains_paywalled_content":false,"_locale":"pt_BR","_original_post":"https:\/\/guide.fire-emblem-heroes.com\/?p=64887","_jetpack_memberships_contains_paid_content":false,"footnotes":"","jetpack_publicize_message":"","jetpack_publicize_feature_enabled":true,"jetpack_social_post_already_shared":false,"jetpack_social_options":{"image_generator_settings":{"template":"highway","default_image_id":0,"font":"","enabled":false},"version":2},"_wpas_customize_per_network":false,"jetpack_post_was_ever_published":false},"categories":[1512,1384,1390,1440],"tags":[1447],"class_list":["post-64897","post","type-post","status-publish","format-standard","has-post-thumbnail","hentry","category-ex_works_engage","category-character","category-stay_heroes","category-duo_heroes","tag-dupla-heroica","pt-BR"],"jetpack_publicize_connections":[],"jetpack_featured_media_url":"https:\/\/guide.fire-emblem-heroes.com\/wp-content\/uploads\/veyre_sister_dragons.png","jetpack_sharing_enabled":false,"jetpack_shortlink":"https:\/\/wp.me\/pa0Mj3-gSJ","jetpack_likes_enabled":false,"amp_enabled":false,"_links":{"self":[{"href":"https:\/\/guide.fire-emblem-heroes.com\/wp-json\/wp\/v2\/posts\/64897","targetHints":{"allow":["GET"]}}],"collection":[{"href":"https:\/\/guide.fire-emblem-heroes.com\/wp-json\/wp\/v2\/posts"}],"about":[{"href":"https:\/\/guide.fire-emblem-heroes.com\/wp-json\/wp\/v2\/types\/post"}],"author":[{"embeddable":true,"href":"https:\/\/guide.fire-emblem-heroes.com\/wp-json\/wp\/v2\/users\/1"}],"replies":[{"embeddable":true,"href":"https:\/\/guide.fire-emblem-heroes.com\/wp-json\/wp\/v2\/comments?post=64897"}],"version-history":[{"count":1,"href":"https:\/\/guide.fire-emblem-heroes.com\/wp-json\/wp\/v2\/posts\/64897\/revisions"}],"predecessor-version":[{"id":64904,"href":"https:\/\/guide.fire-emblem-heroes.com\/wp-json\/wp\/v2\/posts\/64897\/revisions\/64904"}],"wp:featuredmedia":[{"embeddable":true,"href":"https:\/\/guide.fire-emblem-heroes.com\/wp-json\/wp\/v2\/media\/65030"}],"wp:attachment":[{"href":"https:\/\/guide.fire-emblem-heroes.com\/wp-json\/wp\/v2\/media?parent=64897"}],"wp:term":[{"taxonomy":"category","embeddable":true,"href":"https:\/\/guide.fire-emblem-heroes.com\/wp-json\/wp\/v2\/categories?post=64897"},{"taxonomy":"post_tag","embeddable":true,"href":"https:\/\/guide.fire-emblem-heroes.com\/wp-json\/wp\/v2\/tags?post=64897"}],"curies":[{"name":"wp","href":"https:\/\/api.w.org\/{rel}","templated":true}]}}