






{"id":64961,"date":"2026-02-03T14:06:50","date_gmt":"2026-02-03T05:06:50","guid":{"rendered":"https:\/\/guide.fire-emblem-heroes.com\/?p=64961"},"modified":"2026-03-09T17:28:28","modified_gmt":"2026-03-09T08:28:28","slug":"14002006001347-2","status":"publish","type":"post","link":"https:\/\/guide.fire-emblem-heroes.com\/pt-BR\/14002006001347-2\/","title":{"rendered":"<span class=\"character_nick\">Cavaleiro floral<\/span><span class=\"character_name\">Louis<\/span>"},"content":{"rendered":"<main id=\"CHARA_1347\" class=\"main_page character\">\r\n            <article>\r\n                <section class=\"sec sec_character\">\r\n                    <ul class=\"sec_ul sec_ul--character slick-box\">\r\n                        <li class=\"sec_li sec_li--character\">\r\n                            <img decoding=\"async\" src=\"https:\/\/guide.fire-emblem-heroes.com\/wp-content\/uploads\/louis_petal_knight_slide01.png\" alt=\"\" \/>\r\n                        <\/li>\r\n                        <li class=\"sec_li sec_li--character\">\r\n                            <img decoding=\"async\" src=\"https:\/\/guide.fire-emblem-heroes.com\/wp-content\/uploads\/louis_petal_knight_slide02.png\" alt=\"\" \/>\r\n                        <\/li>\r\n                        <li class=\"sec_li sec_li--character\">\r\n                            <img decoding=\"async\" src=\"https:\/\/guide.fire-emblem-heroes.com\/wp-content\/uploads\/louis_petal_knight_slide03.png\" alt=\"\" \/>\r\n                        <\/li>\r\n                        <li class=\"sec_li sec_li--character\">\r\n                            <img decoding=\"async\" src=\"https:\/\/guide.fire-emblem-heroes.com\/wp-content\/uploads\/louis_petal_knight_slide04.png\" alt=\"\" \/>\r\n                        <\/li>\r\n                    <\/ul>\r\n                    <div class=\"sec_charainfoarea flex\">\r\n                        <div class=\"sec_gif\"><img loading=\"lazy\" decoding=\"async\" src=\"https:\/\/guide.fire-emblem-heroes.com\/wp-content\/uploads\/louis_petal_knight.png\" alt=\"\" width=\"210\" height=\"190\"\/><\/div>\r\n                        <div class=\"sec_charainfo\">\r\n                            <p id=\"CHARA_1347_002\" class=\"sec_characate sec_characate--special_heroes\">Her\u00f3i especial<\/p>\r\n                            <p id=\"CHARA_1347_003\" class=\"sec_charanick\">Cavaleiro floral<\/p>\r\n                            <p id=\"CHARA_1347_004\" class=\"sec_charaname\">Louis<\/p>\r\n                            <p id=\"CHARA_1347_005\" class=\"sec_charaappearancetxt\">Aparece em<\/p>\r\n                            <p id=\"CHARA_1347_006\" class=\"sec_charaappearancetxt\">Fire Emblem Engage<\/p>\r\n                        <\/div>\r\n                    <\/div>\r\n                <\/section>\r\n            <\/article>\r\n            <article>\r\n                <section class=\"sec sec_characterarea\">\r\n                    <div class=\"sec_h2chara\">\r\n                        <p id=\"CHARA_1347_007\" class=\"sec_h2charattl\">Sharena apresenta:<\/p>\r\n                        <h2 id=\"CHARA_1347_008\" class=\"sec_h2charatxt\">Cavaleiro floral Louis<\/h2>\r\n                    <\/div>\r\n                    <dl class=\"sec_dl flex\">\r\n                        <dt id=\"CHARA_1347_009\" class=\"sec_dt\">Louis \u00e9 um cavaleiro real de Firene e se junta a n\u00f3s para o Dia da Devo\u00e7\u00e3o! Gentil e educado, Louis adora ver as pessoas se dando bem.<\/dt>\r\n                        <dd class=\"sec_dd\">\r\n                            <a href=\"https:\/\/guide.fire-emblem-heroes.com\/wp-content\/uploads\/louis_petal_knight_pop01.png\" class=\"popup-image\">\r\n                                <img decoding=\"async\" src=\"https:\/\/guide.fire-emblem-heroes.com\/wp-content\/uploads\/louis_petal_knight_info01.png\" alt=\"\" \/>\r\n                            <\/a>\r\n                        <\/dd>\r\n                        <dt id=\"CHARA_1347_010\" class=\"sec_dt\">Normalmente, Louis usa uma armadura impressionante, mas para o Dia da Devo\u00e7\u00e3o, ele est\u00e1 usando um fraque e um colete verde com um elegante desenho de l\u00edrios!<\/dt>\r\n                        <dd class=\"sec_dd\">\r\n                            <a href=\"https:\/\/guide.fire-emblem-heroes.com\/wp-content\/uploads\/louis_petal_knight_pop02.png\" class=\"popup-image\">\r\n                                <img decoding=\"async\" src=\"https:\/\/guide.fire-emblem-heroes.com\/wp-content\/uploads\/louis_petal_knight_info02.png\" alt=\"\" \/>\r\n                            <\/a>\r\n                        <\/dd>\r\n                        <dt id=\"CHARA_1347_011\" class=\"sec_dt\">Louis equipou-se com um arco para esta ocasi\u00e3o, que tamb\u00e9m apresenta um design elegante, combinando belos l\u00edrios com uvas, suas frutas favoritas. Ele certificou-se de manter a aljava nas costas bem abastecida com flechas!<\/dt>\r\n                        <dd class=\"sec_dd\">\r\n                            <a href=\"https:\/\/guide.fire-emblem-heroes.com\/wp-content\/uploads\/louis_petal_knight_pop03.png\" class=\"popup-image\">\r\n                                <img decoding=\"async\" src=\"https:\/\/guide.fire-emblem-heroes.com\/wp-content\/uploads\/louis_petal_knight_info03.png\" alt=\"\" \/>\r\n                            <\/a>\r\n                        <\/dd>\r\n                        <dt id=\"CHARA_1347_012\" class=\"sec_dt\">Para Louis, o Dia da Devo\u00e7\u00e3o \u00e9 uma oportunidade \u00fanica no ano para observar as pessoas enquanto elas desfrutam da companhia umas das outras. Ah, e ouvi dizer que ele tamb\u00e9m tem um presente para C\u00e9line! Aposto que ela vai adorar!<\/dt>\r\n                        <dd class=\"sec_dd\">\r\n                            <a href=\"https:\/\/guide.fire-emblem-heroes.com\/wp-content\/uploads\/louis_petal_knight_pop04.png\" class=\"popup-image\">\r\n                                <img decoding=\"async\" src=\"https:\/\/guide.fire-emblem-heroes.com\/wp-content\/uploads\/louis_petal_knight_info04.png\" alt=\"\" \/>\r\n                            <\/a>\r\n                        <\/dd>\r\n                    <\/dl>\r\n                    <h3 id=\"CHARA_1347_013\" class=\"sec_h3charatxt\">Personagens relacionados<\/h3>\r\n                    <h4 id=\"CHARA_1347_014\" class=\"sec_h4charatxt\">C\u00e9line<\/h4>\r\n                    <p id=\"CHARA_1347_015\" class=\"sec_charatxt\">Princesa de Firene e irm\u00e3 mais nova de Alfred. Tem um temperamento doce e tem uma paix\u00e3o por ch\u00e1. Louis \u00e9 seu criado.<\/p>\r\n                    <h4 id=\"CHARA_1347_016\" class=\"sec_h4charatxt\">Chlo\u00e9<\/h4>\r\n                    <p id=\"CHARA_1347_017\" class=\"sec_charatxt\">Cavaleira real de Firene e criada da princesa C\u00e9line. Descendente de uma linhagem nobre, ela tamb\u00e9m ama contos de fada e comidas t\u00edpicas. Colega de Louis.<\/p>\r\n                <\/section>\r\n            <\/article>\r\n        <\/main>","protected":false},"excerpt":{"rendered":"Her\u00f3i especial Cavaleiro floral Louis Aparece em Fire Emblem Engage Sharena apresenta: Cavaleiro floral Louis Louis \u00e9 um cavaleiro real de Firene e se junta a n\u00f3s para o Dia da Devo\u00e7\u00e3o! Gentil e educado, Louis adora ver as pessoas se dando bem. Normalmente, Louis usa uma armadura impressionante, mas para o Dia da Devo\u00e7\u00e3o, [&hellip;]","protected":false},"author":1,"featured_media":65017,"comment_status":"closed","ping_status":"closed","sticky":false,"template":"","format":"standard","meta":{"advanced_seo_description":"","jetpack_seo_html_title":"","jetpack_seo_noindex":false,"_jetpack_newsletter_access":"","_jetpack_dont_email_post_to_subs":false,"_jetpack_newsletter_tier_id":0,"_jetpack_memberships_contains_paywalled_content":false,"_locale":"pt_BR","_original_post":"https:\/\/guide.fire-emblem-heroes.com\/?p=64950","_jetpack_memberships_contains_paid_content":false,"footnotes":"","jetpack_publicize_message":"","jetpack_publicize_feature_enabled":true,"jetpack_social_post_already_shared":false,"jetpack_social_options":{"image_generator_settings":{"template":"highway","default_image_id":0,"font":"","enabled":false},"version":2},"_wpas_customize_per_network":false,"jetpack_post_was_ever_published":false},"categories":[1512,1384,1405,1390],"tags":[1459],"class_list":["post-64961","post","type-post","status-publish","format-standard","has-post-thumbnail","hentry","category-ex_works_engage","category-character","category-special_heroes","category-stay_heroes","tag-heroi-especial","pt-BR"],"jetpack_publicize_connections":[],"jetpack_featured_media_url":"https:\/\/guide.fire-emblem-heroes.com\/wp-content\/uploads\/louis_petal_knight.png","jetpack_sharing_enabled":false,"jetpack_shortlink":"https:\/\/wp.me\/pa0Mj3-gTL","jetpack_likes_enabled":false,"amp_enabled":false,"_links":{"self":[{"href":"https:\/\/guide.fire-emblem-heroes.com\/wp-json\/wp\/v2\/posts\/64961","targetHints":{"allow":["GET"]}}],"collection":[{"href":"https:\/\/guide.fire-emblem-heroes.com\/wp-json\/wp\/v2\/posts"}],"about":[{"href":"https:\/\/guide.fire-emblem-heroes.com\/wp-json\/wp\/v2\/types\/post"}],"author":[{"embeddable":true,"href":"https:\/\/guide.fire-emblem-heroes.com\/wp-json\/wp\/v2\/users\/1"}],"replies":[{"embeddable":true,"href":"https:\/\/guide.fire-emblem-heroes.com\/wp-json\/wp\/v2\/comments?post=64961"}],"version-history":[{"count":1,"href":"https:\/\/guide.fire-emblem-heroes.com\/wp-json\/wp\/v2\/posts\/64961\/revisions"}],"predecessor-version":[{"id":64967,"href":"https:\/\/guide.fire-emblem-heroes.com\/wp-json\/wp\/v2\/posts\/64961\/revisions\/64967"}],"wp:featuredmedia":[{"embeddable":true,"href":"https:\/\/guide.fire-emblem-heroes.com\/wp-json\/wp\/v2\/media\/65017"}],"wp:attachment":[{"href":"https:\/\/guide.fire-emblem-heroes.com\/wp-json\/wp\/v2\/media?parent=64961"}],"wp:term":[{"taxonomy":"category","embeddable":true,"href":"https:\/\/guide.fire-emblem-heroes.com\/wp-json\/wp\/v2\/categories?post=64961"},{"taxonomy":"post_tag","embeddable":true,"href":"https:\/\/guide.fire-emblem-heroes.com\/wp-json\/wp\/v2\/tags?post=64961"}],"curies":[{"name":"wp","href":"https:\/\/api.w.org\/{rel}","templated":true}]}}