{"id":66237,"date":"2026-04-28T11:59:22","date_gmt":"2026-04-28T02:59:22","guid":{"rendered":"https:\/\/guide.fire-emblem-heroes.com\/?p=66237"},"modified":"2026-04-30T11:22:04","modified_gmt":"2026-04-30T02:22:04","slug":"07003001001372-2","status":"publish","type":"post","link":"https:\/\/guide.fire-emblem-heroes.com\/pt-BR\/07003001001372-2\/","title":{"rendered":"<span class=\"character_nick\">Ocaso redimido<\/span><span class=\"character_name\">Lyon<\/span>"},"content":{"rendered":"<main id=\"CHARA_1372\" class=\"main_page character\">\r\n            <article>\r\n                <section class=\"sec sec_character\">\r\n                    <ul class=\"sec_ul sec_ul--character slick-box\">\r\n                        <li class=\"sec_li sec_li--character\">\r\n                            <img decoding=\"async\" src=\"https:\/\/guide.fire-emblem-heroes.com\/wp-content\/uploads\/lyon_twilight_amends_slide01.png\" alt=\"\" \/>\r\n                        <\/li>\r\n                        <li class=\"sec_li sec_li--character\">\r\n                            <img decoding=\"async\" src=\"https:\/\/guide.fire-emblem-heroes.com\/wp-content\/uploads\/lyon_twilight_amends_slide02.png\" alt=\"\" \/>\r\n                        <\/li>\r\n                        <li class=\"sec_li sec_li--character\">\r\n                            <img decoding=\"async\" src=\"https:\/\/guide.fire-emblem-heroes.com\/wp-content\/uploads\/lyon_twilight_amends_slide03.png\" alt=\"\" \/>\r\n                        <\/li>\r\n                        <li class=\"sec_li sec_li--character\">\r\n                            <img decoding=\"async\" src=\"https:\/\/guide.fire-emblem-heroes.com\/wp-content\/uploads\/lyon_twilight_amends_slide04.png\" alt=\"\" \/>\r\n                        <\/li>\r\n                    <\/ul>\r\n                    <div class=\"sec_charainfoarea flex\">\r\n                        <div class=\"sec_gif\"><img loading=\"lazy\" decoding=\"async\" src=\"https:\/\/guide.fire-emblem-heroes.com\/wp-content\/uploads\/lyon_twilight_amends.png\" alt=\"\" width=\"210\" height=\"190\"\/><\/div>\r\n                        <div class=\"sec_charainfo\">\r\n                            <p id=\"CHARA_1372_002\" class=\"sec_characate sec_characate--legendary_heroes\">Her\u00f3i lend\u00e1rio<\/p>\r\n                            <p id=\"CHARA_1372_003\" class=\"sec_charanick\">Ocaso redimido<\/p>\r\n                            <p id=\"CHARA_1372_004\" class=\"sec_charaname\">Lyon<\/p>\r\n                            <p id=\"CHARA_1372_005\" class=\"sec_charaappearancetxt\">Aparece em<\/p>\r\n                            <p id=\"CHARA_1372_006\" class=\"sec_charaappearancetxt\">Fire Emblem: The Sacred Stones<\/p>\r\n                        <\/div>\r\n                    <\/div>\r\n                <\/section>\r\n            <\/article>\r\n            <article>\r\n                <section class=\"sec sec_characterarea\">\r\n                    <div class=\"sec_h2chara\">\r\n                        <p id=\"CHARA_1372_007\" class=\"sec_h2charattl\">Sharena apresenta:<\/p>\r\n                        <h2 id=\"CHARA_1372_008\" class=\"sec_h2charatxt\">Ocaso redimido Lyon<\/h2>\r\n                    <\/div>\r\n                    <dl class=\"sec_dl flex\">\r\n                        <dt id=\"CHARA_1372_009\" class=\"sec_dt\">Lyon \u00e9 o pr\u00edncipe de Grado, um imp\u00e9rio no continente de Magvel. Ele j\u00e1 foi um jovem estudioso que amava a paz, mas um dia, de repente, mudou drasticamente e levou todo o continente \u00e0 guerra.<\/dt>\r\n                        <dd class=\"sec_dd\">\r\n                            <a href=\"https:\/\/guide.fire-emblem-heroes.com\/wp-content\/uploads\/lyon_twilight_amends_pop01.png\" class=\"popup-image\">\r\n                                <img decoding=\"async\" src=\"https:\/\/guide.fire-emblem-heroes.com\/wp-content\/uploads\/lyon_twilight_amends_info01.png\" alt=\"\" \/>\r\n                            <\/a>\r\n                        <\/dd>\r\n                        <dt id=\"CHARA_1372_010\" class=\"sec_dt\">Ele vinha pesquisando a pedra sagrada mantida em Grado e esperava usar seus poderes para ajudar as pessoas, mas, em vez disso, caiu sob a influ\u00eancia do Rei demon\u00edaco que estava selado dentro da pedra.<\/dt>\r\n                        <dd class=\"sec_dd\">\r\n                            <a href=\"https:\/\/guide.fire-emblem-heroes.com\/wp-content\/uploads\/lyon_twilight_amends_pop02.png\" class=\"popup-image\">\r\n                                <img decoding=\"async\" src=\"https:\/\/guide.fire-emblem-heroes.com\/wp-content\/uploads\/lyon_twilight_amends_info02.png\" alt=\"\" \/>\r\n                            <\/a>\r\n                        <\/dd>\r\n                        <dt id=\"CHARA_1372_011\" class=\"sec_dt\">Possu\u00eddo pelo Rei demon\u00edaco, Lyon planejou destruir as pedras sagradas guardadas nos outros pa\u00edses de Magvel. Grado come\u00e7ou a invadir seus vizinhos, e Lyon acabou lutando contra seus antigos amigos Ephraim e Eirika&#8230;<\/dt>\r\n                        <dd class=\"sec_dd\">\r\n                            <a href=\"https:\/\/guide.fire-emblem-heroes.com\/wp-content\/uploads\/lyon_twilight_amends_pop03.png\" class=\"popup-image\">\r\n                                <img decoding=\"async\" src=\"https:\/\/guide.fire-emblem-heroes.com\/wp-content\/uploads\/lyon_twilight_amends_info03.png\" alt=\"\" \/>\r\n                            <\/a>\r\n                        <\/dd>\r\n                        <dt id=\"CHARA_1372_012\" class=\"sec_dt\">Acho que a maioria das pessoas em Magvel nunca perdoar\u00e1 Lyon por incitar essa guerra. Mas aqueles que eram pr\u00f3ximos a ele sabem a verdade: o verdadeiro Lyon j\u00e1 foi um jovem gentil que desejava fazer as pessoas felizes.<\/dt>\r\n                        <dd class=\"sec_dd\">\r\n                            <a href=\"https:\/\/guide.fire-emblem-heroes.com\/wp-content\/uploads\/lyon_twilight_amends_pop04.png\" class=\"popup-image\">\r\n                                <img decoding=\"async\" src=\"https:\/\/guide.fire-emblem-heroes.com\/wp-content\/uploads\/lyon_twilight_amends_info04.png\" alt=\"\" \/>\r\n                            <\/a>\r\n                        <\/dd>\r\n                    <\/dl>\r\n                    <h3 id=\"CHARA_1372_013\" class=\"sec_h3charatxt\">Personagens relacionados<\/h3>\r\n                    <h4 id=\"CHARA_1372_014\" class=\"sec_h4charatxt\">Ephraim<\/h4>\r\n                    <p id=\"CHARA_1372_015\" class=\"sec_charatxt\">Pr\u00edncipe de Renais. Irm\u00e3o g\u00eameo de Eirika. Se importa muito com sua irm\u00e3. \u00c0s vezes se arrisca por ser confiante demais. Amigo de Lyon.<\/p>\r\n                    <h4 id=\"CHARA_1372_016\" class=\"sec_h4charatxt\">Eirika<\/h4>\r\n                    <p id=\"CHARA_1372_017\" class=\"sec_charatxt\">Princesa de Renais. Irm\u00e3 g\u00eamea de Ephraim. Se importa muito com seu irm\u00e3o. Sua bondade \u00e0s vezes a coloca em perigo. Amiga de Lyon.<\/p>\r\n                <\/section>\r\n            <\/article>\r\n        <\/main>","protected":false},"excerpt":{"rendered":"Her\u00f3i lend\u00e1rio Ocaso redimido Lyon Aparece em Fire Emblem: The Sacred Stones Sharena apresenta: Ocaso redimido Lyon Lyon \u00e9 o pr\u00edncipe de Grado, um imp\u00e9rio no continente de Magvel. Ele j\u00e1 foi um jovem estudioso que amava a paz, mas um dia, de repente, mudou drasticamente e levou todo o continente \u00e0 guerra. Ele vinha [&hellip;]","protected":false},"author":1,"featured_media":66264,"comment_status":"closed","ping_status":"closed","sticky":false,"template":"","format":"standard","meta":{"advanced_seo_description":"","jetpack_seo_html_title":"","jetpack_seo_noindex":false,"_jetpack_newsletter_access":"","_jetpack_dont_email_post_to_subs":false,"_jetpack_newsletter_tier_id":0,"_jetpack_memberships_contains_paywalled_content":false,"_locale":"pt_BR","_original_post":"https:\/\/guide.fire-emblem-heroes.com\/?p=66227","_jetpack_memberships_contains_paid_content":false,"footnotes":"","jetpack_publicize_message":"","jetpack_publicize_feature_enabled":true,"jetpack_social_post_already_shared":false,"jetpack_social_options":{"image_generator_settings":{"template":"highway","default_image_id":0,"font":"","enabled":false},"version":2},"_wpas_customize_per_network":false,"jetpack_post_was_ever_published":false},"categories":[1384,1428,1389,1388],"tags":[1458],"class_list":["post-66237","post","type-post","status-publish","format-standard","has-post-thumbnail","hentry","category-character","category-ex_works_the_sacred_stones","category-new_heroes","category-legendary_heroes","tag-heroi-lendario","pt-BR"],"jetpack_publicize_connections":[],"jetpack_featured_media_url":"https:\/\/guide.fire-emblem-heroes.com\/wp-content\/uploads\/lyon_twilight_amends.png","jetpack_sharing_enabled":false,"jetpack_shortlink":"https:\/\/wp.me\/pa0Mj3-hel","jetpack_likes_enabled":false,"amp_enabled":false,"_links":{"self":[{"href":"https:\/\/guide.fire-emblem-heroes.com\/wp-json\/wp\/v2\/posts\/66237","targetHints":{"allow":["GET"]}}],"collection":[{"href":"https:\/\/guide.fire-emblem-heroes.com\/wp-json\/wp\/v2\/posts"}],"about":[{"href":"https:\/\/guide.fire-emblem-heroes.com\/wp-json\/wp\/v2\/types\/post"}],"author":[{"embeddable":true,"href":"https:\/\/guide.fire-emblem-heroes.com\/wp-json\/wp\/v2\/users\/1"}],"replies":[{"embeddable":true,"href":"https:\/\/guide.fire-emblem-heroes.com\/wp-json\/wp\/v2\/comments?post=66237"}],"version-history":[{"count":1,"href":"https:\/\/guide.fire-emblem-heroes.com\/wp-json\/wp\/v2\/posts\/66237\/revisions"}],"predecessor-version":[{"id":66241,"href":"https:\/\/guide.fire-emblem-heroes.com\/wp-json\/wp\/v2\/posts\/66237\/revisions\/66241"}],"wp:featuredmedia":[{"embeddable":true,"href":"https:\/\/guide.fire-emblem-heroes.com\/wp-json\/wp\/v2\/media\/66264"}],"wp:attachment":[{"href":"https:\/\/guide.fire-emblem-heroes.com\/wp-json\/wp\/v2\/media?parent=66237"}],"wp:term":[{"taxonomy":"category","embeddable":true,"href":"https:\/\/guide.fire-emblem-heroes.com\/wp-json\/wp\/v2\/categories?post=66237"},{"taxonomy":"post_tag","embeddable":true,"href":"https:\/\/guide.fire-emblem-heroes.com\/wp-json\/wp\/v2\/tags?post=66237"}],"curies":[{"name":"wp","href":"https:\/\/api.w.org\/{rel}","templated":true}]}}