






{"id":67461,"date":"2026-07-15T12:30:29","date_gmt":"2026-07-15T03:30:29","guid":{"rendered":"https:\/\/guide.fire-emblem-heroes.com\/?p=67461"},"modified":"2026-08-07T16:33:55","modified_gmt":"2026-08-07T07:33:55","slug":"00007005001395-2","status":"publish","type":"post","link":"https:\/\/guide.fire-emblem-heroes.com\/pt-BR\/00007005001395-2\/","title":{"rendered":"<span class=\"character_nick\">Filha do futuro<\/span><span class=\"character_name\">Gr\u00f3a<\/span>"},"content":{"rendered":"<main id=\"CHARA_1399\" class=\"main_page character\">\r\n            <article>\r\n                <section class=\"sec sec_character\">\r\n                    <ul class=\"sec_ul sec_ul--character slick-box\">\r\n                        <li class=\"sec_li sec_li--character\">\r\n                            <img decoding=\"async\" src=\"https:\/\/guide.fire-emblem-heroes.com\/wp-content\/uploads\/groa_future_daughter_slide01.png\" alt=\"\" \/>\r\n                        <\/li>\r\n                        <li class=\"sec_li sec_li--character\">\r\n                            <img decoding=\"async\" src=\"https:\/\/guide.fire-emblem-heroes.com\/wp-content\/uploads\/groa_future_daughter_slide02.png\" alt=\"\" \/>\r\n                        <\/li>\r\n                        <li class=\"sec_li sec_li--character\">\r\n                            <img decoding=\"async\" src=\"https:\/\/guide.fire-emblem-heroes.com\/wp-content\/uploads\/groa_future_daughter_slide03.png\" alt=\"\" \/>\r\n                        <\/li>\r\n                        <li class=\"sec_li sec_li--character\">\r\n                            <img decoding=\"async\" src=\"https:\/\/guide.fire-emblem-heroes.com\/wp-content\/uploads\/groa_future_daughter_slide04.png\" alt=\"\" \/>\r\n                        <\/li>\r\n                    <\/ul>\r\n                    <div class=\"sec_charainfoarea flex\">\r\n                        <div class=\"sec_gif\"><img loading=\"lazy\" decoding=\"async\" src=\"https:\/\/guide.fire-emblem-heroes.com\/wp-content\/uploads\/groa_future_daughter.png\" alt=\"\" width=\"210\" height=\"190\"\/><\/div>\r\n                        <div class=\"sec_charainfo\">\r\n                            <p id=\"CHARA_1399_002\" class=\"sec_characate sec_characate--mythic_heroes\">Hero\u00edna m\u00edtica<\/p>\r\n                            <p id=\"CHARA_1399_003\" class=\"sec_charanick\">Filha do futuro<\/p>\r\n                            <p id=\"CHARA_1399_004\" class=\"sec_charaname\">Gr\u00f3a<\/p>\r\n                            <p id=\"CHARA_1399_005\" class=\"sec_charaappearancetxt\">Aparece em<\/p>\r\n                            <p id=\"CHARA_1399_006\" class=\"sec_charaappearancetxt\">Fire Emblem Heroes<\/p>\r\n                        <\/div>\r\n                    <\/div>\r\n                <\/section>\r\n            <\/article>\r\n            <article>\r\n                <section class=\"sec sec_characterarea\">\r\n                    <div class=\"sec_h2chara\">\r\n                        <p id=\"CHARA_1399_007\" class=\"sec_h2charattl\">Sharena apresenta:<\/p>\r\n                        <h2 id=\"CHARA_1399_008\" class=\"sec_h2charatxt\">Filha do futuro Gr\u00f3a<\/h2>\r\n                    <\/div>\r\n                    <dl class=\"sec_dl flex\">\r\n                        <dt id=\"CHARA_1399_009\" class=\"sec_dt\">Gr\u00f3a \u00e9 uma deusa de Vanaheimr, o reino da luz. Ela \u00e9 uma hero\u00edna alegre com um senso de admira\u00e7\u00e3o infantil!<\/dt>\r\n                        <dd class=\"sec_dd\">\r\n                            <a href=\"https:\/\/guide.fire-emblem-heroes.com\/wp-content\/uploads\/groa_future_daughter_pop01.png\" class=\"popup-image\">\r\n                                <img decoding=\"async\" src=\"https:\/\/guide.fire-emblem-heroes.com\/wp-content\/uploads\/groa_future_daughter_info01.png\" alt=\"\" \/>\r\n                            <\/a>\r\n                        <\/dd>\r\n                        <dt id=\"CHARA_1399_010\" class=\"sec_dt\">Na verdade, o Vanaheimr de onde Gr\u00f3a veio pertence a um mundo futuro. Ela veio para o presente em busca de sua irm\u00e3 g\u00eamea mais nova, Alv\u00edg, que desapareceu.<\/dt>\r\n                        <dd class=\"sec_dd\">\r\n                            <a href=\"https:\/\/guide.fire-emblem-heroes.com\/wp-content\/uploads\/groa_future_daughter_pop02.png\" class=\"popup-image\">\r\n                                <img decoding=\"async\" src=\"https:\/\/guide.fire-emblem-heroes.com\/wp-content\/uploads\/groa_future_daughter_info02.png\" alt=\"\" \/>\r\n                            <\/a>\r\n                        <\/dd>\r\n                        <dt id=\"CHARA_1399_011\" class=\"sec_dt\">Na esperan\u00e7a de descobrir o que aconteceu com sua irm\u00e3, Gr\u00f3a procurou Sei\u00f0r, uma deusa colega de Vanaheimr, em busca de ajuda.<\/dt>\r\n                        <dd class=\"sec_dd\">\r\n                            <a href=\"https:\/\/guide.fire-emblem-heroes.com\/wp-content\/uploads\/groa_future_daughter_pop03.png\" class=\"popup-image\">\r\n                                <img decoding=\"async\" src=\"https:\/\/guide.fire-emblem-heroes.com\/wp-content\/uploads\/groa_future_daughter_info03.png\" alt=\"\" \/>\r\n                            <\/a>\r\n                        <\/dd>\r\n                        <dt id=\"CHARA_1399_012\" class=\"sec_dt\">Gr\u00f3a chama Sei\u00f0r de \u201cm\u00e3e\u201d, mas, se voc\u00ea me perguntar, elas parecem irm\u00e3s! Aposto que Alv\u00edg \u00e9 igualzinha a ela tamb\u00e9m!<\/dt>\r\n                        <dd class=\"sec_dd\">\r\n                            <a href=\"https:\/\/guide.fire-emblem-heroes.com\/wp-content\/uploads\/groa_future_daughter_pop04.png\" class=\"popup-image\">\r\n                                <img decoding=\"async\" src=\"https:\/\/guide.fire-emblem-heroes.com\/wp-content\/uploads\/groa_future_daughter_info04.png\" alt=\"\" \/>\r\n                            <\/a>\r\n                        <\/dd>\r\n                    <\/dl>\r\n                    <h3 id=\"CHARA_1399_013\" class=\"sec_h3charatxt\">Personagens relacionados<\/h3>\r\n                    <h4 id=\"CHARA_1399_014\" class=\"sec_h4charatxt\">Sei\u00f0r<\/h4>\r\n                    <p id=\"CHARA_1399_015\" class=\"sec_charatxt\">Deusa de Vanaheimr, o reino da luz. Vem \u00e0 terra para salvar o povo da destrui\u00e7\u00e3o. Sempre age com propriedade. Gr\u00f3a a chama de \u201cm\u00e3e\u201d.<\/p>\r\n                    <h4 id=\"CHARA_1399_016\" class=\"sec_h4charatxt\">Alv\u00edg<\/h4>\r\n                    <p id=\"CHARA_1399_017\" class=\"sec_charatxt\">Uma deusa de Vanaheimr, o reino da luz. A irm\u00e3 g\u00eamea mais nova de Gr\u00f3a, que desapareceu repentinamente um dia.<\/p>\r\n                <\/section>\r\n            <\/article>\r\n        <\/main>","protected":false},"excerpt":{"rendered":"Hero\u00edna m\u00edtica Filha do futuro Gr\u00f3a Aparece em Fire Emblem Heroes Sharena apresenta: Filha do futuro Gr\u00f3a Gr\u00f3a \u00e9 uma deusa de Vanaheimr, o reino da luz. Ela \u00e9 uma hero\u00edna alegre com um senso de admira\u00e7\u00e3o infantil! Na verdade, o Vanaheimr de onde Gr\u00f3a veio pertence a um mundo futuro. Ela veio para o [&hellip;]","protected":false},"author":1,"featured_media":67497,"comment_status":"closed","ping_status":"closed","sticky":false,"template":"","format":"standard","meta":{"advanced_seo_description":"","jetpack_seo_html_title":"","jetpack_seo_noindex":false,"jetpack_seo_schema_type":"","_jetpack_newsletter_access":"","_jetpack_dont_email_post_to_subs":false,"_jetpack_newsletter_tier_id":0,"_jetpack_memberships_contains_paywalled_content":false,"_locale":"pt_BR","_original_post":"https:\/\/guide.fire-emblem-heroes.com\/?p=67451","_wpcom_ai_launchpad_first_post":false,"_jetpack_feature_clip_id":0,"_jetpack_memberships_contains_paid_content":false,"footnotes":"","jetpack_publicize_message":"{title}\n\n{excerpt}\n\n{url}","jetpack_publicize_feature_enabled":true,"jetpack_social_post_already_shared":false,"jetpack_social_options":{"image_generator_settings":{"template":"highway","default_image_id":0,"font":"","enabled":false},"version":2},"_wpas_customize_per_network":false,"jetpack_post_was_ever_published":false},"categories":[1384,1423,1385,1390],"tags":[1455],"class_list":["post-67461","post","type-post","status-publish","format-standard","has-post-thumbnail","hentry","category-character","category-ex_works_heroes","category-mythic_heroes","category-stay_heroes","tag-heroina-mitica","pt-BR"],"jetpack_publicize_connections":[],"jetpack_sharing_enabled":false,"jetpack_shortlink":"https:\/\/wp.me\/pa0Mj3-hy5","jetpack_likes_enabled":false,"amp_enabled":false,"jetpack_featured_media_url":"https:\/\/guide.fire-emblem-heroes.com\/wp-content\/uploads\/groa_future_daughter.png","_links":{"self":[{"href":"https:\/\/guide.fire-emblem-heroes.com\/wp-json\/wp\/v2\/posts\/67461","targetHints":{"allow":["GET"]}}],"collection":[{"href":"https:\/\/guide.fire-emblem-heroes.com\/wp-json\/wp\/v2\/posts"}],"about":[{"href":"https:\/\/guide.fire-emblem-heroes.com\/wp-json\/wp\/v2\/types\/post"}],"author":[{"embeddable":true,"href":"https:\/\/guide.fire-emblem-heroes.com\/wp-json\/wp\/v2\/users\/1"}],"replies":[{"embeddable":true,"href":"https:\/\/guide.fire-emblem-heroes.com\/wp-json\/wp\/v2\/comments?post=67461"}],"version-history":[{"count":1,"href":"https:\/\/guide.fire-emblem-heroes.com\/wp-json\/wp\/v2\/posts\/67461\/revisions"}],"predecessor-version":[{"id":67466,"href":"https:\/\/guide.fire-emblem-heroes.com\/wp-json\/wp\/v2\/posts\/67461\/revisions\/67466"}],"wp:featuredmedia":[{"embeddable":true,"href":"https:\/\/guide.fire-emblem-heroes.com\/wp-json\/wp\/v2\/media\/67497"}],"wp:attachment":[{"href":"https:\/\/guide.fire-emblem-heroes.com\/wp-json\/wp\/v2\/media?parent=67461"}],"wp:term":[{"taxonomy":"category","embeddable":true,"href":"https:\/\/guide.fire-emblem-heroes.com\/wp-json\/wp\/v2\/categories?post=67461"},{"taxonomy":"post_tag","embeddable":true,"href":"https:\/\/guide.fire-emblem-heroes.com\/wp-json\/wp\/v2\/tags?post=67461"}],"curies":[{"name":"wp","href":"https:\/\/api.w.org\/{rel}","templated":true}]}}