






{"id":7743,"date":"2019-02-06T19:15:58","date_gmt":"2019-02-06T10:15:58","guid":{"rendered":"https:\/\/guide.fire-emblem-heroes.com\/?p=7743"},"modified":"2020-03-26T14:29:16","modified_gmt":"2020-03-26T05:29:16","slug":"ephraim_legendary_lord","status":"publish","type":"post","link":"https:\/\/guide.fire-emblem-heroes.com\/pt-BR\/ephraim_legendary_lord\/","title":{"rendered":"<span class=\"character_nick\">Lorde lend\u00e1rio<\/span><span class=\"character_name\">Ephraim<\/span>"},"content":{"rendered":"<main id=\"chara_016\" class=\"main_page character\">\r\n    <article>\r\n        <section class=\"sec sec_character\">\r\n            <ul class=\"sec_ul sec_ul--character slick-box\">\r\n                <li class=\"sec_li sec_li--character\">\r\n                    <img decoding=\"async\" src=\"https:\/\/guide.fire-emblem-heroes.com\/wp-content\/uploads\/ephraim_legendary_lord_slide01.png\" alt=\"\" \/>\r\n                <\/li>\r\n                <li class=\"sec_li sec_li--character\">\r\n                    <img decoding=\"async\" src=\"https:\/\/guide.fire-emblem-heroes.com\/wp-content\/uploads\/ephraim_legendary_lord_slide02.png\" alt=\"\" \/>\r\n                <\/li>\r\n                <li class=\"sec_li sec_li--character\">\r\n                    <img decoding=\"async\" src=\"https:\/\/guide.fire-emblem-heroes.com\/wp-content\/uploads\/ephraim_legendary_lord_slide03.png\" alt=\"\" \/>\r\n                <\/li>\r\n                <li class=\"sec_li sec_li--character\">\r\n                    <img decoding=\"async\" src=\"https:\/\/guide.fire-emblem-heroes.com\/wp-content\/uploads\/ephraim_legendary_lord_slide04.png\" alt=\"\" \/>\r\n                <\/li>\r\n            <\/ul>\r\n            <div class=\"sec_charainfoarea flex\">\r\n                <div class=\"sec_gif\"><img loading=\"lazy\" decoding=\"async\" src=\"https:\/\/guide.fire-emblem-heroes.com\/wp-content\/uploads\/ephraim_legendary_lord.png\" alt=\"\" width=\"210\" height=\"190\"\/><\/div>\r\n                <div class=\"sec_charainfo\">\r\n                    <p id=\"CHARA_016_002\" class=\"sec_characate sec_characate--legendary_heroes\">Her\u00f3i lend\u00e1rio<\/p>\r\n                    <p id=\"CHARA_016_003\" class=\"sec_charanick\">Lorde lend\u00e1rio<\/p>\r\n                    <p id=\"CHARA_016_004\" class=\"sec_charaname\">Ephraim<\/p>\r\n                    <p id=\"CHARA_016_005\" class=\"sec_charaappearancetxt\">Aparece em<\/p>\r\n                    <p id=\"CHARA_016_006\" class=\"sec_charaappearancetxt\">Fire Emblem: The Sacred Stones<\/p>\r\n                <\/div>\r\n            <\/div>\r\n        <\/section>\r\n    <\/article>\r\n    <article>\r\n        <section class=\"sec sec_characterarea\">\r\n            <div class=\"sec_h2chara\">\r\n                <p id=\"CHARA_016_007\" class=\"sec_h2charattl\">Deixe a Sharena te apresentar!<\/p>\r\n                <h2 id=\"CHARA_016_008\" class=\"sec_h2charatxt\">Lorde lend\u00e1rio Ephraim<\/h2>\r\n            <\/div>\r\n            <dl class=\"sec_dl flex\">\r\n                <dt id=\"CHARA_016_009\" class=\"sec_dt\">Ephraim \u00e9 o pr\u00edncipe do reino de Renais, que fica no continente de Magvel, e tamb\u00e9m irm\u00e3o g\u00eameo de Eirika.<\/dt>\r\n                <dd class=\"sec_dd\">\r\n                    <a href=\"https:\/\/guide.fire-emblem-heroes.com\/wp-content\/uploads\/ephraim_legendary_lord_pop01.png\" class=\"popup-image\">\r\n                        <img decoding=\"async\" src=\"https:\/\/guide.fire-emblem-heroes.com\/wp-content\/uploads\/ephraim_legendary_lord_info01.png\" alt=\"\" \/>\r\n                    <\/a>\r\n                <\/dd>\r\n                <dt id=\"CHARA_016_010\" class=\"sec_dt\">Com uma irm\u00e3 gentil e digna, Ephraim n\u00e3o fica para tr\u00e1s. Ele \u00e9 um pr\u00edncipe corajoso com um forte senso de justi\u00e7a.<\/dt>\r\n                <dd class=\"sec_dd\">\r\n                    <a href=\"https:\/\/guide.fire-emblem-heroes.com\/wp-content\/uploads\/ephraim_legendary_lord_pop02.png\" class=\"popup-image\">\r\n                        <img decoding=\"async\" src=\"https:\/\/guide.fire-emblem-heroes.com\/wp-content\/uploads\/ephraim_legendary_lord_info02.png\" alt=\"\" \/>\r\n                    <\/a>\r\n                <\/dd>\r\n                <dt id=\"CHARA_016_011\" class=\"sec_dt\">Ele carrega a lan\u00e7a Siegmund, a metade de um par de armas conhecido como G\u00eameas sagradas, que foram passadas de gera\u00e7\u00e3o a gera\u00e7\u00e3o em Renais.<\/dt>\r\n                <dd class=\"sec_dd\">\r\n                    <a href=\"https:\/\/guide.fire-emblem-heroes.com\/wp-content\/uploads\/ephraim_legendary_lord_pop03.png\" class=\"popup-image\">\r\n                        <img decoding=\"async\" src=\"https:\/\/guide.fire-emblem-heroes.com\/wp-content\/uploads\/ephraim_legendary_lord_info03.png\" alt=\"\" \/>\r\n                    <\/a>\r\n                <\/dd>\r\n                <dt id=\"CHARA_016_012\" class=\"sec_dt\">Ephraim entrou na briga para impedir a invas\u00e3o do imp\u00e9rio Grado, o que acabou virando uma luta pela posse das poderosas pedras sagradas. Com a sua vit\u00f3ria, a paz reinou novamente no continente de Magvel!<\/dt>\r\n                <dd class=\"sec_dd\">\r\n                    <a href=\"https:\/\/guide.fire-emblem-heroes.com\/wp-content\/uploads\/ephraim_legendary_lord_pop04.png\" class=\"popup-image\">\r\n                        <img decoding=\"async\" src=\"https:\/\/guide.fire-emblem-heroes.com\/wp-content\/uploads\/ephraim_legendary_lord_info04.png\" alt=\"\" \/>\r\n                    <\/a>\r\n                <\/dd>\r\n            <\/dl>\r\n            <h3 id=\"CHARA_016_013\" class=\"sec_h3charatxt\">Personagens com associa\u00e7\u00f5es pr\u00f3ximas<\/h3>\r\n            <h4 id=\"CHARA_016_014\" class=\"sec_h4charatxt\">Eirika<\/h4>\r\n            <p id=\"CHARA_016_015\" class=\"sec_charatxt\">Princesa de Renais e irm\u00e3 g\u00eamea de Ephraim. Uma jovem gentil com um comportamento digno de um membro da fam\u00edlia real.<\/p>\r\n            <h4 id=\"CHARA_016_016\" class=\"sec_h4charatxt\">Lyon<\/h4>\r\n            <p id=\"CHARA_016_017\" class=\"sec_charatxt\">O pr\u00edncipe gentil de Grado. Ele \u00e9 amigo de inf\u00e2ncia de Ephraim e Eirika, e n\u00e3o gosta de lutar.<\/p>\r\n        <\/section>\r\n    <\/article>\r\n<\/main>","protected":false},"excerpt":{"rendered":"Her\u00f3i lend\u00e1rio Lorde lend\u00e1rio Ephraim Aparece em Fire Emblem: The Sacred Stones Deixe a Sharena te apresentar! Lorde lend\u00e1rio Ephraim Ephraim \u00e9 o pr\u00edncipe do reino de Renais, que fica no continente de Magvel, e tamb\u00e9m irm\u00e3o g\u00eameo de Eirika. Com uma irm\u00e3 gentil e digna, Ephraim n\u00e3o fica para tr\u00e1s. Ele \u00e9 um pr\u00edncipe [&hellip;]","protected":false},"author":1,"featured_media":6753,"comment_status":"closed","ping_status":"closed","sticky":false,"template":"","format":"standard","meta":{"advanced_seo_description":"","jetpack_seo_html_title":"","jetpack_seo_noindex":false,"_jetpack_newsletter_access":"","_jetpack_dont_email_post_to_subs":false,"_jetpack_newsletter_tier_id":0,"_jetpack_memberships_contains_paywalled_content":false,"_locale":"pt_BR","_original_post":"6551","_jetpack_memberships_contains_paid_content":false,"footnotes":"","jetpack_publicize_message":"","jetpack_publicize_feature_enabled":true,"jetpack_social_post_already_shared":true,"jetpack_social_options":{"image_generator_settings":{"template":"highway","default_image_id":0,"font":"","enabled":false},"version":2},"_wpas_customize_per_network":false,"jetpack_post_was_ever_published":false},"categories":[1384,1428,1390,1388],"tags":[1458],"class_list":["post-7743","post","type-post","status-publish","format-standard","has-post-thumbnail","hentry","category-character","category-ex_works_the_sacred_stones","category-stay_heroes","category-legendary_heroes","tag-heroi-lendario","pt-BR"],"jetpack_publicize_connections":[],"jetpack_featured_media_url":"https:\/\/guide.fire-emblem-heroes.com\/wp-content\/uploads\/ephraim_legendary_lord.png","jetpack_sharing_enabled":false,"jetpack_shortlink":"https:\/\/wp.me\/pa0Mj3-20T","jetpack_likes_enabled":false,"amp_enabled":true,"_links":{"self":[{"href":"https:\/\/guide.fire-emblem-heroes.com\/wp-json\/wp\/v2\/posts\/7743","targetHints":{"allow":["GET"]}}],"collection":[{"href":"https:\/\/guide.fire-emblem-heroes.com\/wp-json\/wp\/v2\/posts"}],"about":[{"href":"https:\/\/guide.fire-emblem-heroes.com\/wp-json\/wp\/v2\/types\/post"}],"author":[{"embeddable":true,"href":"https:\/\/guide.fire-emblem-heroes.com\/wp-json\/wp\/v2\/users\/1"}],"replies":[{"embeddable":true,"href":"https:\/\/guide.fire-emblem-heroes.com\/wp-json\/wp\/v2\/comments?post=7743"}],"version-history":[{"count":4,"href":"https:\/\/guide.fire-emblem-heroes.com\/wp-json\/wp\/v2\/posts\/7743\/revisions"}],"predecessor-version":[{"id":17214,"href":"https:\/\/guide.fire-emblem-heroes.com\/wp-json\/wp\/v2\/posts\/7743\/revisions\/17214"}],"wp:featuredmedia":[{"embeddable":true,"href":"https:\/\/guide.fire-emblem-heroes.com\/wp-json\/wp\/v2\/media\/6753"}],"wp:attachment":[{"href":"https:\/\/guide.fire-emblem-heroes.com\/wp-json\/wp\/v2\/media?parent=7743"}],"wp:term":[{"taxonomy":"category","embeddable":true,"href":"https:\/\/guide.fire-emblem-heroes.com\/wp-json\/wp\/v2\/categories?post=7743"},{"taxonomy":"post_tag","embeddable":true,"href":"https:\/\/guide.fire-emblem-heroes.com\/wp-json\/wp\/v2\/tags?post=7743"}],"curies":[{"name":"wp","href":"https:\/\/api.w.org\/{rel}","templated":true}]}}