{"id":8655,"date":"2019-03-15T20:07:17","date_gmt":"2019-03-15T11:07:17","guid":{"rendered":"https:\/\/guide.fire-emblem-heroes.com\/?p=8655"},"modified":"2020-03-26T14:56:41","modified_gmt":"2020-03-26T05:56:41","slug":"01004004000355","status":"publish","type":"post","link":"https:\/\/guide.fire-emblem-heroes.com\/pt-BR\/01004004000355\/","title":{"rendered":"<span class=\"character_nick\">Coelhinha maior<\/span><span class=\"character_name\">Palla<\/span>"},"content":{"rendered":"<main id=\"chara_037\" class=\"main_page character\">\r\n    <article>\r\n        <section class=\"sec sec_character\">\r\n            <ul class=\"sec_ul sec_ul--character slick-box\">\r\n                <li class=\"sec_li sec_li--character\">\r\n                    <img decoding=\"async\" src=\"https:\/\/guide.fire-emblem-heroes.com\/wp-content\/uploads\/palla_eldest_bun_bun_slide01.png\" alt=\"\" \/>\r\n                <\/li>\r\n                <li class=\"sec_li sec_li--character\">\r\n                    <img decoding=\"async\" src=\"https:\/\/guide.fire-emblem-heroes.com\/wp-content\/uploads\/palla_eldest_bun_bun_slide02.png\" alt=\"\" \/>\r\n                <\/li>\r\n                <li class=\"sec_li sec_li--character\">\r\n                    <img decoding=\"async\" src=\"https:\/\/guide.fire-emblem-heroes.com\/wp-content\/uploads\/palla_eldest_bun_bun_slide03.png\" alt=\"\" \/>\r\n                <\/li>\r\n                <li class=\"sec_li sec_li--character\">\r\n                    <img decoding=\"async\" src=\"https:\/\/guide.fire-emblem-heroes.com\/wp-content\/uploads\/palla_eldest_bun_bun_slide04.png\" alt=\"\" \/>\r\n                <\/li>\r\n            <\/ul>\r\n            <div class=\"sec_charainfoarea flex\">\r\n                <div class=\"sec_gif\"><img loading=\"lazy\" decoding=\"async\" src=\"https:\/\/guide.fire-emblem-heroes.com\/wp-content\/uploads\/palla_eldest_bun_bun.png\" alt=\"\" width=\"210\" height=\"190\"\/><\/div>\r\n                <div class=\"sec_charainfo\">\r\n                    <p id=\"CHARA_037_002\" class=\"sec_characate sec_characate--special_heroes\">Hero\u00edna especial<\/p>\r\n                    <p id=\"CHARA_037_003\" class=\"sec_charanick\">Coelhinha maior<\/p>\r\n                    <p id=\"CHARA_037_004\" class=\"sec_charaname\">Palla<\/p>\r\n                    <p id=\"CHARA_037_005\" class=\"sec_charaappearancetxt\">Aparece em<\/p>\r\n                    <p id=\"CHARA_037_006\" class=\"sec_charaappearancetxt\">Fire Emblem: Mystery of the Emblem<\/p>\r\n                <\/div>\r\n            <\/div>\r\n        <\/section>\r\n    <\/article>\r\n    <article>\r\n        <section class=\"sec sec_characterarea\">\r\n            <div class=\"sec_h2chara\">\r\n                <p id=\"CHARA_037_007\" class=\"sec_h2charattl\">Deixe a Sharena te apresentar!<\/p>\r\n                <h2 id=\"CHARA_037_008\" class=\"sec_h2charatxt\">Coelhinha maior Palla<\/h2>\r\n            <\/div>\r\n            <dl class=\"sec_dl flex\">\r\n                <dt id=\"CHARA_037_009\" class=\"sec_dt\">Palla \u00e9 a irm\u00e3 mais velha das Asas Brancas de Macedon, e agora ela est\u00e1 arrasando no festival de primavera!<\/dt>\r\n                <dd class=\"sec_dd\">\r\n                    <a href=\"https:\/\/guide.fire-emblem-heroes.com\/wp-content\/uploads\/palla_eldest_bun_bun_pop01.png\" class=\"popup-image\">\r\n                        <img decoding=\"async\" src=\"https:\/\/guide.fire-emblem-heroes.com\/wp-content\/uploads\/palla_eldest_bun_bun_info01.png\" alt=\"\" \/>\r\n                    <\/a>\r\n                <\/dd>\r\n                <dt id=\"CHARA_037_010\" class=\"sec_dt\">Ela est\u00e1 vestindo uma roupa feita especialmente para o festival. Os tons verde e branco combinam muito com ela!<\/dt>\r\n                <dd class=\"sec_dd\">\r\n                    <a href=\"https:\/\/guide.fire-emblem-heroes.com\/wp-content\/uploads\/palla_eldest_bun_bun_pop02.png\" class=\"popup-image\">\r\n                        <img decoding=\"async\" src=\"https:\/\/guide.fire-emblem-heroes.com\/wp-content\/uploads\/palla_eldest_bun_bun_info02.png\" alt=\"\" \/>\r\n                    <\/a>\r\n                <\/dd>\r\n                <dt id=\"CHARA_037_011\" class=\"sec_dt\">E voc\u00ea est\u00e1 vendo aquela cenoura que ela est\u00e1 segurando? Ouvi dizer que na realidade \u00e9 uma adaga, ent\u00e3o tome cuidado! Tudo \u00e9 muito legal e divertido, at\u00e9 que algu\u00e9m perca um olho.<\/dt>\r\n                <dd class=\"sec_dd\">\r\n                    <a href=\"https:\/\/guide.fire-emblem-heroes.com\/wp-content\/uploads\/palla_eldest_bun_bun_pop03.png\" class=\"popup-image\">\r\n                        <img decoding=\"async\" src=\"https:\/\/guide.fire-emblem-heroes.com\/wp-content\/uploads\/palla_eldest_bun_bun_info03.png\" alt=\"\" \/>\r\n                    <\/a>\r\n                <\/dd>\r\n                <dt id=\"CHARA_037_012\" class=\"sec_dt\">Se eu conhe\u00e7o bem a Palla, tenho certeza que ela vai trazer mais estilo e eleg\u00e2ncia para o festival de primavera, dignos das Asas Brancas!<\/dt>\r\n                <dd class=\"sec_dd\">\r\n                    <a href=\"https:\/\/guide.fire-emblem-heroes.com\/wp-content\/uploads\/palla_eldest_bun_bun_pop04.png\" class=\"popup-image\">\r\n                        <img decoding=\"async\" src=\"https:\/\/guide.fire-emblem-heroes.com\/wp-content\/uploads\/palla_eldest_bun_bun_info04.png\" alt=\"\" \/>\r\n                    <\/a>\r\n                <\/dd>\r\n            <\/dl>\r\n            <h3 id=\"CHARA_037_013\" class=\"sec_h3charatxt\">Personagens com associa\u00e7\u00f5es pr\u00f3ximas<\/h3>\r\n            <h4 id=\"CHARA_037_014\" class=\"sec_h4charatxt\">Catria<\/h4>\r\n            <p id=\"CHARA_037_015\" class=\"sec_charatxt\">Irm\u00e3 do meio das Asas Brancas de Macedon. Ela tem a personalidade mais s\u00e9ria e sincera.<\/p>\r\n            <h4 id=\"CHARA_037_016\" class=\"sec_h4charatxt\">Est<\/h4>\r\n            <p id=\"CHARA_037_017\" class=\"sec_charatxt\">Irm\u00e3 mais nova das Asas Brancas de Macedon. Ela tem um temperamento amig\u00e1vel e feliz. Est e o cavaleiro Abel s\u00e3o completamente apaixonados um pelo outro.<\/p>\r\n        <\/section>\r\n    <\/article>\r\n<\/main>","protected":false},"excerpt":{"rendered":"Hero\u00edna especial Coelhinha maior Palla Aparece em Fire Emblem: Mystery of the Emblem Deixe a Sharena te apresentar! Coelhinha maior Palla Palla \u00e9 a irm\u00e3 mais velha das Asas Brancas de Macedon, e agora ela est\u00e1 arrasando no festival de primavera! Ela est\u00e1 vestindo uma roupa feita especialmente para o festival. Os tons verde e [&hellip;]","protected":false},"author":1,"featured_media":8725,"comment_status":"closed","ping_status":"closed","sticky":false,"template":"","format":"standard","meta":{"advanced_seo_description":"","jetpack_seo_html_title":"","jetpack_seo_noindex":false,"jetpack_post_was_ever_published":false,"_jetpack_newsletter_access":"","_jetpack_dont_email_post_to_subs":false,"_jetpack_newsletter_tier_id":0,"_jetpack_memberships_contains_paywalled_content":false,"_locale":"pt_BR","_original_post":"8618","_jetpack_memberships_contains_paid_content":false,"footnotes":"","jetpack_publicize_message":"","jetpack_publicize_feature_enabled":true,"jetpack_social_post_already_shared":true,"jetpack_social_options":{"image_generator_settings":{"template":"highway","default_image_id":0,"font":"","enabled":false},"version":2},"_wpas_customize_per_network":false},"categories":[1384,1424,1405,1390],"tags":[1460],"class_list":["post-8655","post","type-post","status-publish","format-standard","has-post-thumbnail","hentry","category-character","category-ex_works_mystery_of_the_emblem","category-special_heroes","category-stay_heroes","tag-heroina-especial","pt-BR"],"jetpack_publicize_connections":[],"jetpack_featured_media_url":"https:\/\/guide.fire-emblem-heroes.com\/wp-content\/uploads\/palla_eldest_bun_bun.png","jetpack_sharing_enabled":false,"jetpack_shortlink":"https:\/\/wp.me\/pa0Mj3-2fB","jetpack_likes_enabled":false,"amp_enabled":true,"_links":{"self":[{"href":"https:\/\/guide.fire-emblem-heroes.com\/wp-json\/wp\/v2\/posts\/8655","targetHints":{"allow":["GET"]}}],"collection":[{"href":"https:\/\/guide.fire-emblem-heroes.com\/wp-json\/wp\/v2\/posts"}],"about":[{"href":"https:\/\/guide.fire-emblem-heroes.com\/wp-json\/wp\/v2\/types\/post"}],"author":[{"embeddable":true,"href":"https:\/\/guide.fire-emblem-heroes.com\/wp-json\/wp\/v2\/users\/1"}],"replies":[{"embeddable":true,"href":"https:\/\/guide.fire-emblem-heroes.com\/wp-json\/wp\/v2\/comments?post=8655"}],"version-history":[{"count":2,"href":"https:\/\/guide.fire-emblem-heroes.com\/wp-json\/wp\/v2\/posts\/8655\/revisions"}],"predecessor-version":[{"id":17234,"href":"https:\/\/guide.fire-emblem-heroes.com\/wp-json\/wp\/v2\/posts\/8655\/revisions\/17234"}],"wp:featuredmedia":[{"embeddable":true,"href":"https:\/\/guide.fire-emblem-heroes.com\/wp-json\/wp\/v2\/media\/8725"}],"wp:attachment":[{"href":"https:\/\/guide.fire-emblem-heroes.com\/wp-json\/wp\/v2\/media?parent=8655"}],"wp:term":[{"taxonomy":"category","embeddable":true,"href":"https:\/\/guide.fire-emblem-heroes.com\/wp-json\/wp\/v2\/categories?post=8655"},{"taxonomy":"post_tag","embeddable":true,"href":"https:\/\/guide.fire-emblem-heroes.com\/wp-json\/wp\/v2\/tags?post=8655"}],"curies":[{"name":"wp","href":"https:\/\/api.w.org\/{rel}","templated":true}]}}