






{"id":9269,"date":"2019-04-17T14:39:07","date_gmt":"2019-04-17T05:39:07","guid":{"rendered":"https:\/\/guide.fire-emblem-heroes.com\/?p=9269"},"modified":"2020-03-26T16:12:23","modified_gmt":"2020-03-26T07:12:23","slug":"02002004000366","status":"publish","type":"post","link":"https:\/\/guide.fire-emblem-heroes.com\/pt-BR\/02002004000366\/","title":{"rendered":"<span class=\"character_nick\">Tempero sutil<\/span><span class=\"character_name\">Genny<\/span>"},"content":{"rendered":"<main id=\"chara_047\" class=\"main_page character\">\r\n    <article>\r\n        <section class=\"sec sec_character\">\r\n            <ul class=\"sec_ul sec_ul--character slick-box\">\r\n                <li class=\"sec_li sec_li--character\">\r\n                    <img decoding=\"async\" src=\"https:\/\/guide.fire-emblem-heroes.com\/wp-content\/uploads\/genny_dressed_with_care_slide01.png\" alt=\"\" \/>\r\n                <\/li>\r\n                <li class=\"sec_li sec_li--character\">\r\n                    <img decoding=\"async\" src=\"https:\/\/guide.fire-emblem-heroes.com\/wp-content\/uploads\/genny_dressed_with_care_slide02.png\" alt=\"\" \/>\r\n                <\/li>\r\n                <li class=\"sec_li sec_li--character\">\r\n                    <img decoding=\"async\" src=\"https:\/\/guide.fire-emblem-heroes.com\/wp-content\/uploads\/genny_dressed_with_care_slide03.png\" alt=\"\" \/>\r\n                <\/li>\r\n                <li class=\"sec_li sec_li--character\">\r\n                    <img decoding=\"async\" src=\"https:\/\/guide.fire-emblem-heroes.com\/wp-content\/uploads\/genny_dressed_with_care_slide04.png\" alt=\"\" \/>\r\n                <\/li>\r\n            <\/ul>\r\n            <div class=\"sec_charainfoarea flex\">\r\n                <div class=\"sec_gif\"><img loading=\"lazy\" decoding=\"async\" src=\"https:\/\/guide.fire-emblem-heroes.com\/wp-content\/uploads\/genny_dressed_with_care.png\" alt=\"\" width=\"210\" height=\"190\"\/><\/div>\r\n                <div class=\"sec_charainfo\">\r\n                    <p id=\"CHARA_047_002\" class=\"sec_characate sec_characate--special_heroes\">Hero\u00edna especial<\/p>\r\n                    <p id=\"CHARA_047_003\" class=\"sec_charanick\">Tempero sutil<\/p>\r\n                    <p id=\"CHARA_047_004\" class=\"sec_charaname\">Genny<\/p>\r\n                    <p id=\"CHARA_047_005\" class=\"sec_charaappearancetxt\">Aparece em<\/p>\r\n                    <p id=\"CHARA_047_006\" class=\"sec_charaappearancetxt\">Fire Emblem Echoes: Shadows of Valentia<\/p>\r\n                <\/div>\r\n            <\/div>\r\n        <\/section>\r\n    <\/article>\r\n    <article>\r\n        <section class=\"sec sec_characterarea\">\r\n            <div class=\"sec_h2chara\">\r\n                <p id=\"CHARA_047_007\" class=\"sec_h2charattl\">Sharena apresenta:<\/p>\r\n                <h2 id=\"CHARA_047_008\" class=\"sec_h2charatxt\">Tempero sutil Genny<\/h2>\r\n            <\/div>\r\n            <dl class=\"sec_dl flex\">\r\n                <dt id=\"CHARA_047_009\" class=\"sec_dt\">Genny teve uma inf\u00e2ncia tranquila em Novis, uma ilha perto do continente de Valentia, onde ela servia em um priorado.<\/dt>\r\n                <dd class=\"sec_dd\">\r\n                    <a href=\"https:\/\/guide.fire-emblem-heroes.com\/wp-content\/uploads\/genny_dressed_with_care_pop01.png\" class=\"popup-image\">\r\n                        <img decoding=\"async\" src=\"https:\/\/guide.fire-emblem-heroes.com\/wp-content\/uploads\/genny_dressed_with_care_info01.png\" alt=\"\" \/>\r\n                    <\/a>\r\n                <\/dd>\r\n                <dt id=\"CHARA_047_010\" class=\"sec_dt\">Quando a guerra chegou, Genny se viu inesperadamente no meio no conflito. Mas agora ela est\u00e1 envolvida em uma surpresa muito melhor: o piquenique!<\/dt>\r\n                <dd class=\"sec_dd\">\r\n                    <a href=\"https:\/\/guide.fire-emblem-heroes.com\/wp-content\/uploads\/genny_dressed_with_care_pop02.png\" class=\"popup-image\">\r\n                        <img decoding=\"async\" src=\"https:\/\/guide.fire-emblem-heroes.com\/wp-content\/uploads\/genny_dressed_with_care_info02.png\" alt=\"\" \/>\r\n                    <\/a>\r\n                <\/dd>\r\n                <dt id=\"CHARA_047_011\" class=\"sec_dt\">Essa \u00e9 a sua roupa para o piquenique. Bem diferente do que ela usa geralmente para trabalhar, n\u00e3o \u00e9 mesmo? Ela est\u00e1 mais fofa do que nunca!<\/dt>\r\n                <dd class=\"sec_dd\">\r\n                    <a href=\"https:\/\/guide.fire-emblem-heroes.com\/wp-content\/uploads\/genny_dressed_with_care_pop03.png\" class=\"popup-image\">\r\n                        <img decoding=\"async\" src=\"https:\/\/guide.fire-emblem-heroes.com\/wp-content\/uploads\/genny_dressed_with_care_info03.png\" alt=\"\" \/>\r\n                    <\/a>\r\n                <\/dd>\r\n                <dt id=\"CHARA_047_012\" class=\"sec_dt\">Com os poderes de Genny para curar e revigorar, poderemos passar o dia todo no piquenique sem ficarmos cansados! Mal posso esperar!<\/dt>\r\n                <dd class=\"sec_dd\">\r\n                    <a href=\"https:\/\/guide.fire-emblem-heroes.com\/wp-content\/uploads\/genny_dressed_with_care_pop04.png\" class=\"popup-image\">\r\n                        <img decoding=\"async\" src=\"https:\/\/guide.fire-emblem-heroes.com\/wp-content\/uploads\/genny_dressed_with_care_info04.png\" alt=\"\" \/>\r\n                    <\/a>\r\n                <\/dd>\r\n            <\/dl>\r\n            <h3 id=\"CHARA_047_013\" class=\"sec_h3charatxt\">Personagens relacionados<\/h3>\r\n            <h4 id=\"CHARA_047_014\" class=\"sec_h4charatxt\">Celica<\/h4>\r\n            <p id=\"CHARA_047_015\" class=\"sec_charatxt\">Sacerdotisa do priorado de Novis, que \u00e9 na verdade a princesa de Zofia. Inspirada pela compaix\u00e3o e gra\u00e7a, ela se op\u00f5e \u00e0 guerra e ao conflito. Celica considera Genny sua irm\u00e3 mais nova.<\/p>\r\n            <h4 id=\"CHARA_047_016\" class=\"sec_h4charatxt\">Boey<\/h4>\r\n            <p id=\"CHARA_047_017\" class=\"sec_charatxt\">Mago de Novis que cresceu paup\u00e9rrimo. Ele se junta a Celica quando ela deixa Novis.<\/p>\r\n            <h4 id=\"CHARA_047_018\" class=\"sec_h4charatxt\">Mae<\/h4>\r\n            <p id=\"CHARA_047_019\" class=\"sec_charatxt\">Maga de Novis e amiga querida de Celica. Sempre feliz e energ\u00e9tica, mas tem a tend\u00eancia a se empolgar demais.<\/p>\r\n        <\/section>\r\n    <\/article>\r\n<\/main>","protected":false},"excerpt":{"rendered":"Hero\u00edna especial Tempero sutil Genny Aparece em Fire Emblem Echoes: Shadows of Valentia Sharena apresenta: Tempero sutil Genny Genny teve uma inf\u00e2ncia tranquila em Novis, uma ilha perto do continente de Valentia, onde ela servia em um priorado. Quando a guerra chegou, Genny se viu inesperadamente no meio no conflito. Mas agora ela est\u00e1 envolvida [&hellip;]","protected":false},"author":1,"featured_media":9306,"comment_status":"closed","ping_status":"closed","sticky":false,"template":"","format":"standard","meta":{"advanced_seo_description":"","jetpack_seo_html_title":"","jetpack_seo_noindex":false,"_jetpack_newsletter_access":"","_jetpack_dont_email_post_to_subs":false,"_jetpack_newsletter_tier_id":0,"_jetpack_memberships_contains_paywalled_content":false,"_locale":"pt_BR","_original_post":"9261","_jetpack_memberships_contains_paid_content":false,"footnotes":"","jetpack_publicize_message":"","jetpack_publicize_feature_enabled":true,"jetpack_social_post_already_shared":true,"jetpack_social_options":{"image_generator_settings":{"template":"highway","default_image_id":0,"font":"","enabled":false},"version":2},"_wpas_customize_per_network":false,"jetpack_post_was_ever_published":false},"categories":[1384,1425,1405,1390],"tags":[1460],"class_list":["post-9269","post","type-post","status-publish","format-standard","has-post-thumbnail","hentry","category-character","category-ex_works_shadows_of_valentia","category-special_heroes","category-stay_heroes","tag-heroina-especial","pt-BR"],"jetpack_publicize_connections":[],"jetpack_featured_media_url":"https:\/\/guide.fire-emblem-heroes.com\/wp-content\/uploads\/genny_dressed_with_care.png","jetpack_sharing_enabled":false,"jetpack_shortlink":"https:\/\/wp.me\/pa0Mj3-2pv","jetpack_likes_enabled":false,"amp_enabled":true,"_links":{"self":[{"href":"https:\/\/guide.fire-emblem-heroes.com\/wp-json\/wp\/v2\/posts\/9269","targetHints":{"allow":["GET"]}}],"collection":[{"href":"https:\/\/guide.fire-emblem-heroes.com\/wp-json\/wp\/v2\/posts"}],"about":[{"href":"https:\/\/guide.fire-emblem-heroes.com\/wp-json\/wp\/v2\/types\/post"}],"author":[{"embeddable":true,"href":"https:\/\/guide.fire-emblem-heroes.com\/wp-json\/wp\/v2\/users\/1"}],"replies":[{"embeddable":true,"href":"https:\/\/guide.fire-emblem-heroes.com\/wp-json\/wp\/v2\/comments?post=9269"}],"version-history":[{"count":2,"href":"https:\/\/guide.fire-emblem-heroes.com\/wp-json\/wp\/v2\/posts\/9269\/revisions"}],"predecessor-version":[{"id":17238,"href":"https:\/\/guide.fire-emblem-heroes.com\/wp-json\/wp\/v2\/posts\/9269\/revisions\/17238"}],"wp:featuredmedia":[{"embeddable":true,"href":"https:\/\/guide.fire-emblem-heroes.com\/wp-json\/wp\/v2\/media\/9306"}],"wp:attachment":[{"href":"https:\/\/guide.fire-emblem-heroes.com\/wp-json\/wp\/v2\/media?parent=9269"}],"wp:term":[{"taxonomy":"category","embeddable":true,"href":"https:\/\/guide.fire-emblem-heroes.com\/wp-json\/wp\/v2\/categories?post=9269"},{"taxonomy":"post_tag","embeddable":true,"href":"https:\/\/guide.fire-emblem-heroes.com\/wp-json\/wp\/v2\/tags?post=9269"}],"curies":[{"name":"wp","href":"https:\/\/api.w.org\/{rel}","templated":true}]}}